{"id":132857,"date":"2019-02-02T14:09:50","date_gmt":"2019-02-02T16:09:50","guid":{"rendered":"https:\/\/diarioregionaldigital.com.br\/?p=132857"},"modified":"2019-02-02T14:09:50","modified_gmt":"2019-02-02T16:09:50","slug":"filho-de-joao-de-deus-e-preso-em-anapolis-go","status":"publish","type":"post","link":"https:\/\/diarioregionaldigital.com.br\/?p=132857","title":{"rendered":"Filho de Jo\u00e3o de Deus \u00e9 preso em An\u00e1polis (GO)"},"content":{"rendered":"<p>O filho do m\u00e9dium goiano Jo\u00e3o de Deus, Sandro Teixeira de Oliveira, foi preso na manh\u00e3 de\u00a0hoje, 2, em An\u00e1polis (GO). A pris\u00e3o foi decretada na sexta-feira, 1\u00ba, pela ju\u00edza Ros\u00e2ngela Rodrigues, da comarca de Abadi\u00e2nia. Oliveira \u00e9 acusado de coa\u00e7\u00e3o e\u00a0corrup\u00e7\u00e3o de testemunha. Segundo a assessoria da Secretaria de Seguran\u00e7a P\u00fablica de Goi\u00e1s, Sandro ser\u00e1 levado para o Complexo Prisional de Aparecida de Goi\u00e2nia.<\/p>\n<p>Ele foi\u00a0denunciado pelo Minist\u00e9rio P\u00fablico de Goi\u00e1s no dia\u00a025 de janeiro. De acordo com os promotores, o filho de Jo\u00e3o de Deus estava armado quando coagiu uma testemunha um dia ap\u00f3s ela\u00a0ter\u00a0comparecido \u00e0 delegacia. Al\u00e9m da coa\u00e7\u00e3o, o Minist\u00e9rio P\u00fablico do estado afirmou que Sandro ofereceu \u201cvantagens para obter o sil\u00eancio dessa testemunha, oferecendo pedras que seriam preciosas\u201d.<\/p>\n<p>Acusado pelo MP estadual dos crimes de estupro de vulner\u00e1vel e viola\u00e7\u00e3o sexual mediante fraude, Jo\u00e3o de Deus est\u00e1 preso, em car\u00e1ter preventivo, desde\u00a016 de dezembro. Baseado nos depoimentos e elementos apresentados por dezenas de mulheres que se apresentam como v\u00edtimas do m\u00e9dium, os promotores goianos j\u00e1 apresentaram duas den\u00fancias contra ele.<\/p>\n<p>Entre as v\u00e1rias mulheres que afirmam\u00a0ter\u00a0sido molestadas por Jo\u00e3o de Deus durante atendimentos na Casa\u00a0Dom\u00a0In\u00e1cio de Loyola, h\u00e1 quem afirme\u00a0ter\u00a0sofrido abusos sexuais quando crian\u00e7a ou adolescente. No \u00faltimo dia 15, ao\u00a0apresentarem a\u00a0segunda\u00a0den\u00fancia\u00a0contra o m\u00e9dium, os promotores estaduais disseram haver evid\u00eancias de que ele\u00a0violou sexualmente de v\u00e1rias mulheres diante de outras pessoas que acompanhavam as sess\u00f5es de atendimento espiritual que aconteciam no centro esp\u00edrita.<\/p>\n<p>&nbsp;<\/p>\n<p>Fonte: Ag\u00eancia Brasil<\/p>\n","protected":false},"excerpt":{"rendered":"<p>O filho do m\u00e9dium goiano Jo\u00e3o de Deus, Sandro Teixeira de Oliveira, foi preso na manh\u00e3 de\u00a0hoje, 2, em An\u00e1polis (GO). A pris\u00e3o foi decretada na sexta-feira, 1\u00ba, pela ju\u00edza Ros\u00e2ngela Rodrigues, da comarca de Abadi\u00e2nia. Oliveira \u00e9 acusado de coa\u00e7\u00e3o e\u00a0corrup\u00e7\u00e3o de testemunha. Segundo a assessoria da Secretaria de Seguran\u00e7a P\u00fablica de Goi\u00e1s, Sandro [&hellip;]<\/p>\n","protected":false},"author":96,"featured_media":132858,"comment_status":"closed","ping_status":"closed","sticky":false,"template":"","format":"standard","meta":{"footnotes":""},"categories":[302,436,439],"tags":[],"class_list":["post-132857","post","type-post","status-publish","format-standard","has-post-thumbnail","hentry","category-brasil-mundo","category-destaque-da-semana","category-ultima-hora"],"_links":{"self":[{"href":"https:\/\/diarioregionaldigital.com.br\/index.php?rest_route=\/wp\/v2\/posts\/132857","targetHints":{"allow":["GET"]}}],"collection":[{"href":"https:\/\/diarioregionaldigital.com.br\/index.php?rest_route=\/wp\/v2\/posts"}],"about":[{"href":"https:\/\/diarioregionaldigital.com.br\/index.php?rest_route=\/wp\/v2\/types\/post"}],"author":[{"embeddable":true,"href":"https:\/\/diarioregionaldigital.com.br\/index.php?rest_route=\/wp\/v2\/users\/96"}],"replies":[{"embeddable":true,"href":"https:\/\/diarioregionaldigital.com.br\/index.php?rest_route=%2Fwp%2Fv2%2Fcomments&post=132857"}],"version-history":[{"count":0,"href":"https:\/\/diarioregionaldigital.com.br\/index.php?rest_route=\/wp\/v2\/posts\/132857\/revisions"}],"wp:featuredmedia":[{"embeddable":true,"href":"https:\/\/diarioregionaldigital.com.br\/index.php?rest_route=\/wp\/v2\/media\/132858"}],"wp:attachment":[{"href":"https:\/\/diarioregionaldigital.com.br\/index.php?rest_route=%2Fwp%2Fv2%2Fmedia&parent=132857"}],"wp:term":[{"taxonomy":"category","embeddable":true,"href":"https:\/\/diarioregionaldigital.com.br\/index.php?rest_route=%2Fwp%2Fv2%2Fcategories&post=132857"},{"taxonomy":"post_tag","embeddable":true,"href":"https:\/\/diarioregionaldigital.com.br\/index.php?rest_route=%2Fwp%2Fv2%2Ftags&post=132857"}],"curies":[{"name":"wp","href":"https:\/\/api.w.org\/{rel}","templated":true}]}}