{"id":132854,"date":"2019-02-02T14:05:05","date_gmt":"2019-02-02T16:05:05","guid":{"rendered":"https:\/\/diarioregionaldigital.com.br\/?p=132854"},"modified":"2019-02-02T14:05:05","modified_gmt":"2019-02-02T16:05:05","slug":"terminam-neste-domingo-as-inscricoes-para-o-prouni","status":"publish","type":"post","link":"https:\/\/diarioregionaldigital.com.br\/?p=132854","title":{"rendered":"Terminam neste domingo as inscri\u00e7\u00f5es para o ProUni"},"content":{"rendered":"<p>Neste domingo, 3, \u00e9 o \u00faltimo dia de inscri\u00e7\u00e3o no Programa Universidade para Todos (ProUni). As inscri\u00e7\u00f5es podem ser feitas pela internet, na\u00a0<a href=\"http:\/\/siteprouni.mec.gov.br\/]\" target=\"_blank\" rel=\"noopener\">p\u00e1gina do programa<\/a>.<\/p>\n<p>Nesta edi\u00e7\u00e3o, o ProUni vai oferecer 243.888 bolsas de estudo em 1.239 institui\u00e7\u00f5es particulares de ensino. Dessas, 116.813 s\u00e3o integrais, e 127.075, parciais, de 50% do valor das mensalidades.<\/p>\n<p>Podem participar aqueles que fizeram o Exame Nacional do Ensino M\u00e9dio (Enem) de 2018, alcan\u00e7aram no m\u00ednimo 450 pontos e tiraram nota superior a zero na reda\u00e7\u00e3o.<\/p>\n<p>Al\u00e9m disso, s\u00f3 podem concorrer \u00e0s bolsas estudantes brasileiros sem curso superior e que tenham feito o ensino m\u00e9dio completo na rede p\u00fablica ou como bolsista integral na rede privada; que fizeram parte do ensino m\u00e9dio na rede p\u00fablica e a outra parte na rede privada, na condi\u00e7\u00e3o de bolsista ou que sejam deficientes f\u00edsicos.<\/p>\n<p>As bolsas integrais s\u00e3o voltadas \u00e0queles com renda familiar per capita de at\u00e9 um sal\u00e1rio m\u00ednimo e meio. As bolsas parciais de 50% s\u00e3o destinadas aos estudantes com renda familiar per capita de at\u00e9 tr\u00eas sal\u00e1rios m\u00ednimos. Professores da rede p\u00fablica de ensino tamb\u00e9m podem concorrer a bolsas e n\u00e3o precisam atender aos crit\u00e9rios de renda.<\/p>\n<h2>Calend\u00e1rio<\/h2>\n<p>Os resultados da primeira chamada ser\u00e3o divulgados no dia 6 de fevereiro. Os da segunda chamada, no dia 20 de fevereiro.<\/p>\n<p>O candidato pr\u00e9-selecionado na primeira chamada dever\u00e1 comparecer \u00e0 institui\u00e7\u00e3o para comprovar as informa\u00e7\u00f5es prestadas na inscri\u00e7\u00e3o e eventual participa\u00e7\u00e3o em processo seletivo pr\u00f3prio da institui\u00e7\u00e3o, quando for o caso, de 6 a 14 de fevereiro. Os pr\u00e9-selecionados na segunda chamada, de 20 a 27 de fevereiro.<\/p>\n<p>O registro da aprova\u00e7\u00e3o ou reprova\u00e7\u00e3o dos candidatos no Sistema Informatizado do ProUni e a emiss\u00e3o dos respectivos termos de Concess\u00e3o de Bolsa ou termos de Reprova\u00e7\u00e3o pelas institui\u00e7\u00f5es de ensino dever\u00e3o ser feitos entre os dias 6 a 18 de fevereiro para os selecionados na primeira chamada e, entre 20 de fevereiro e 1\u00ba de mar\u00e7o, para os selecionados na segunda chamada.<\/p>\n<h2>ProUni<\/h2>\n<p>O ProUni concede bolsas de estudo integrais e parciais em cursos de gradua\u00e7\u00e3o e sequenciais de forma\u00e7\u00e3o espec\u00edfica, em institui\u00e7\u00f5es de educa\u00e7\u00e3o superior privadas. Em contrapartida, o programa oferece isen\u00e7\u00e3o de tributos \u00e0s institui\u00e7\u00f5es que aderem ao programa.<\/p>\n<p>Os estudantes selecionados podem pleitear ainda Bolsa Perman\u00eancia, para ajudar nos custos dos estudos, e podem tamb\u00e9m usar o Fundo de Financiamento Estudantil (Fies) para financiar parte da mensalidade n\u00e3o coberta pela bolsa do programa.<\/p>\n<p>Fonte: Ag\u00eancia Brasil<\/p>\n","protected":false},"excerpt":{"rendered":"<p>Neste domingo, 3, \u00e9 o \u00faltimo dia de inscri\u00e7\u00e3o no Programa Universidade para Todos (ProUni). As inscri\u00e7\u00f5es podem ser feitas pela internet, na\u00a0p\u00e1gina do programa. Nesta edi\u00e7\u00e3o, o ProUni vai oferecer 243.888 bolsas de estudo em 1.239 institui\u00e7\u00f5es particulares de ensino. Dessas, 116.813 s\u00e3o integrais, e 127.075, parciais, de 50% do valor das mensalidades. Podem [&hellip;]<\/p>\n","protected":false},"author":96,"featured_media":132855,"comment_status":"closed","ping_status":"closed","sticky":false,"template":"","format":"standard","meta":{"footnotes":""},"categories":[302,436,439],"tags":[],"class_list":["post-132854","post","type-post","status-publish","format-standard","has-post-thumbnail","hentry","category-brasil-mundo","category-destaque-da-semana","category-ultima-hora"],"_links":{"self":[{"href":"https:\/\/diarioregionaldigital.com.br\/index.php?rest_route=\/wp\/v2\/posts\/132854","targetHints":{"allow":["GET"]}}],"collection":[{"href":"https:\/\/diarioregionaldigital.com.br\/index.php?rest_route=\/wp\/v2\/posts"}],"about":[{"href":"https:\/\/diarioregionaldigital.com.br\/index.php?rest_route=\/wp\/v2\/types\/post"}],"author":[{"embeddable":true,"href":"https:\/\/diarioregionaldigital.com.br\/index.php?rest_route=\/wp\/v2\/users\/96"}],"replies":[{"embeddable":true,"href":"https:\/\/diarioregionaldigital.com.br\/index.php?rest_route=%2Fwp%2Fv2%2Fcomments&post=132854"}],"version-history":[{"count":0,"href":"https:\/\/diarioregionaldigital.com.br\/index.php?rest_route=\/wp\/v2\/posts\/132854\/revisions"}],"wp:featuredmedia":[{"embeddable":true,"href":"https:\/\/diarioregionaldigital.com.br\/index.php?rest_route=\/wp\/v2\/media\/132855"}],"wp:attachment":[{"href":"https:\/\/diarioregionaldigital.com.br\/index.php?rest_route=%2Fwp%2Fv2%2Fmedia&parent=132854"}],"wp:term":[{"taxonomy":"category","embeddable":true,"href":"https:\/\/diarioregionaldigital.com.br\/index.php?rest_route=%2Fwp%2Fv2%2Fcategories&post=132854"},{"taxonomy":"post_tag","embeddable":true,"href":"https:\/\/diarioregionaldigital.com.br\/index.php?rest_route=%2Fwp%2Fv2%2Ftags&post=132854"}],"curies":[{"name":"wp","href":"https:\/\/api.w.org\/{rel}","templated":true}]}}