{"id":132847,"date":"2019-02-02T08:50:59","date_gmt":"2019-02-02T10:50:59","guid":{"rendered":"https:\/\/diarioregionaldigital.com.br\/?p=132847"},"modified":"2019-02-02T17:15:01","modified_gmt":"2019-02-02T19:15:01","slug":"camara-doa-roupas-para-instituicoes-de-juiz-de-fora","status":"publish","type":"post","link":"https:\/\/diarioregionaldigital.com.br\/?p=132847","title":{"rendered":"C\u00e2mara doa roupas para institui\u00e7\u00f5es de Juiz de Fora"},"content":{"rendered":"<p>A C\u00e2mara Municipal realizou na manh\u00e3 dessa sexta-feira, 1\u00ba, a doa\u00e7\u00e3o de roupas para institui\u00e7\u00f5es de Juiz de Fora. Foram beneficiados o Hospital Ana Nery; a Funda\u00e7\u00e3o Jo\u00e3o de Freitas; o Instituto Vit\u00f3ria; e o Lar dos Idosos Luiza de Marilac.<\/p>\n<p>Os donativos foram arrecadados no pr\u00e9dio da C\u00e2mara entre os dias 26 a 29 de janeiro, com o intuito de auxiliar os afetados pela trag\u00e9dia em Brumadinho. No entanto, a Defesa Civil da cidade informou que n\u00e3o havia mais a necessidade de doa\u00e7\u00e3o de roupas. Sendo assim, as vestimentas foram encaminhadas para institui\u00e7\u00f5es da cidade.<\/p>\n<p>Na quarta-feira, 30, foram enviados para Brumadinho cinco sacos de ra\u00e7\u00e3o, 22 pacotes de papel higi\u00eanico, 22 gal\u00f5es de \u00e1gua, 32 fardos de \u00e1gua, 64 litros de \u00f3leo e mais de 300 quilos de alimentos.<\/p>\n<p><em>Fonte: Assessoria<\/em><\/p>\n","protected":false},"excerpt":{"rendered":"<p>A C\u00e2mara Municipal realizou na manh\u00e3 dessa sexta-feira, 1\u00ba, a doa\u00e7\u00e3o de roupas para institui\u00e7\u00f5es de Juiz de Fora. Foram beneficiados o Hospital Ana Nery; a Funda\u00e7\u00e3o Jo\u00e3o de Freitas; o Instituto Vit\u00f3ria; e o Lar dos Idosos Luiza de Marilac. Os donativos foram arrecadados no pr\u00e9dio da C\u00e2mara entre os dias 26 a 29 [&hellip;]<\/p>\n","protected":false},"author":96,"featured_media":0,"comment_status":"closed","ping_status":"closed","sticky":false,"template":"","format":"standard","meta":{"footnotes":""},"categories":[253,436,440,439],"tags":[],"class_list":["post-132847","post","type-post","status-publish","format-standard","hentry","category-cidade","category-destaque-da-semana","category-destaques-do-dia","category-ultima-hora"],"_links":{"self":[{"href":"https:\/\/diarioregionaldigital.com.br\/index.php?rest_route=\/wp\/v2\/posts\/132847","targetHints":{"allow":["GET"]}}],"collection":[{"href":"https:\/\/diarioregionaldigital.com.br\/index.php?rest_route=\/wp\/v2\/posts"}],"about":[{"href":"https:\/\/diarioregionaldigital.com.br\/index.php?rest_route=\/wp\/v2\/types\/post"}],"author":[{"embeddable":true,"href":"https:\/\/diarioregionaldigital.com.br\/index.php?rest_route=\/wp\/v2\/users\/96"}],"replies":[{"embeddable":true,"href":"https:\/\/diarioregionaldigital.com.br\/index.php?rest_route=%2Fwp%2Fv2%2Fcomments&post=132847"}],"version-history":[{"count":0,"href":"https:\/\/diarioregionaldigital.com.br\/index.php?rest_route=\/wp\/v2\/posts\/132847\/revisions"}],"wp:attachment":[{"href":"https:\/\/diarioregionaldigital.com.br\/index.php?rest_route=%2Fwp%2Fv2%2Fmedia&parent=132847"}],"wp:term":[{"taxonomy":"category","embeddable":true,"href":"https:\/\/diarioregionaldigital.com.br\/index.php?rest_route=%2Fwp%2Fv2%2Fcategories&post=132847"},{"taxonomy":"post_tag","embeddable":true,"href":"https:\/\/diarioregionaldigital.com.br\/index.php?rest_route=%2Fwp%2Fv2%2Ftags&post=132847"}],"curies":[{"name":"wp","href":"https:\/\/api.w.org\/{rel}","templated":true}]}}