{"id":132846,"date":"2019-02-02T07:18:20","date_gmt":"2019-02-02T09:18:20","guid":{"rendered":"https:\/\/diarioregionaldigital.com.br\/?p=132846"},"modified":"2019-02-02T16:55:44","modified_gmt":"2019-02-02T18:55:44","slug":"buscas-em-brumadinho-ainda-nao-tem-data-para-acabar-dizem-bombeiros","status":"publish","type":"post","link":"https:\/\/diarioregionaldigital.com.br\/?p=132846","title":{"rendered":"Buscas em Brumadinho ainda n\u00e3o t\u00eam data para acabar, dizem bombeiros"},"content":{"rendered":"<p>O Corpo de Bombeiros Militar de Minas Gerais informou nessa sexta-feira, 1, que n\u00e3o h\u00e1 como prever uma data de encerramento das buscas por v\u00edtimas na regi\u00e3o de Brumadinho (MG), onde a\u00a0barragem da Mina C\u00f3rrego do Feij\u00e3o, da mineradora Vale, se rompeu, no dia 25 de janeiro.<\/p>\n<p>&#8220;A gente ainda tem que fazer um planejamento, de v\u00e1rios dias. A perspectiva \u00e9 que, ao longo do tempo, com a lama se estabilizando, a gente v\u00e1 mudando as t\u00e9cnicas operacionais e, a partir da\u00ed, a gente tenha um panorama. Hoje, \u00e9 imposs\u00edvel cravar uma data final das opera\u00e7\u00f5es. Infelizmente, n\u00e3o&#8221;, afirmou em coletiva de imprensa o chefe da equipe, coronel Erlon Dias do Nascimento Botelho.<\/p>\n<p>De acordo com o porta-voz da corpora\u00e7\u00e3o, tenente Pedro Aihara, as equipes dividiram a \u00e1rea vasculhada em 45 quadrantes para facilitar a distribui\u00e7\u00e3o de tarefas. O militar explicou que t\u00eam chegado \u00e0s m\u00e3os da organiza\u00e7\u00e3o v\u00eddeos que n\u00e3o t\u00eam rela\u00e7\u00e3o com o desastre mas que s\u00e3o divulgados como se registrassem resgates de v\u00edtimas da ocorr\u00eancia, o que tem atrapalhado a orienta\u00e7\u00e3o dos trabalhos.<\/p>\n<p>&#8220;Muitos v\u00eddeos veiculados s\u00e3o fake news, not\u00edcia falsa. Epis\u00f3dios que aconteceram em outros pa\u00edses e situa\u00e7\u00f5es de salvamento que tamb\u00e9m s\u00e3o veiculados de maneira maliciosa. Isso acaba se tornando uma grande crueldade com os familiares das v\u00edtimas, gerando uma expectativa, uma ang\u00fastia maior ainda&#8221;, disse.<\/p>\n<p>Ao todo, em oito dias de buscas, foram localizados 115 mortos, dos quais 71 foram identificadas por exames realizados pela Pol\u00edcia Civil.<\/p>\n<p>Al\u00e9m disso, 238 pessoas permanecem desaparecidas e seis pessoas foram hospitalizadas. Das pessoas resgatadas, 108 est\u00e3o desabrigadas.<\/p>\n<h2>Medidas<\/h2>\n<p>Diversas dilig\u00eancias t\u00eam sido estabelecidas pelas autoridades governamentais e pela mineradora, ap\u00f3s o incidente, que provocou, inclusive, o\u00a0adiamento\u00a0do in\u00edcio do per\u00edodo letivo das escolas do munic\u00edpio, que abrangem cerca de 6 mil alunos.<\/p>\n<p>Entre as delibera\u00e7\u00f5es est\u00e1, por exemplo, a emiss\u00e3o, da parte do Minist\u00e9rio P\u00fablico Federal (MPF), de tr\u00eas recomenda\u00e7\u00f5es favor\u00e1veis \u00e0 cessa\u00e7\u00e3o de licen\u00e7as ambientais para barragens que utilizem o m\u00e9todo de alteamento de montante, como \u00e9 o caso do reservat\u00f3rio 1 da Mina C\u00f3rrego do Feij\u00e3o e da barragem de Fund\u00e3o, em Mariana (MG). Os documentos foram endere\u00e7ados ao Instituto Brasileiro do Meio Ambiente e dos Recursos Naturais Renov\u00e1veis (Ibama), \u00e0 Ag\u00eancia Nacional de Minera\u00e7\u00e3o (ANM) e \u00e0 Secretaria do Meio Ambiente e Desenvolvimento Sustent\u00e1vel de Minas Gerais (Semad), \u00f3rg\u00e3os que ficam respons\u00e1veis por expedir essa autoriza\u00e7\u00e3o, sem a qual obras de expressivo impacto ambiental n\u00e3o podem funcionar.<\/p>\n<p>Conforme o MPF explicou em nota, o alteamento de montante \u00e9 um m\u00e9todo proibido em alguns pa\u00edses, como no Chile. Tal sistema permite que o dique inicial seja ampliado para cima quando a barragem fica cheia, e o pr\u00f3prio rejeito do processo de beneficiamento do min\u00e9rio acaba sendo usado como funda\u00e7\u00e3o da barreira de conten\u00e7\u00e3o.<\/p>\n<p>Al\u00e9m disso, parlamentares da esfera federal t\u00eam se mobilizado para refor\u00e7ar a supervis\u00e3o de estruturas. A comiss\u00e3o externa da C\u00e2mara dos Deputados, composta por 15 membros,\u00a0confirmou\u00a0que ir\u00e1 a Brumadinho\u00a0na pr\u00f3xima quarta-feira, 6. Chegando l\u00e1, participar\u00e1 de reuni\u00f5es com bombeiros, defesa civil, Minist\u00e9rio P\u00fablico e gabinete de crise instalados na cidade, para averiguar as circunst\u00e2ncias que a popula\u00e7\u00e3o local tem enfrentado.<\/p>\n<h2>Vale<\/h2>\n<p>A Justi\u00e7a j\u00e1 bloqueou R$11,8 bilh\u00f5es de contas da Vale. Da quantia, R$800 milh\u00f5es ser\u00e3o reservados para assegurar pagamentos e indeniza\u00e7\u00f5es trabalhistas, segundo o Minist\u00e9rio P\u00fablico do Trabalho (MPT). De acordo com o \u00f3rg\u00e3o, recaem tamb\u00e9m sobre a mineradora obriga\u00e7\u00f5es como arcar com custos de sepultamento e a manuten\u00e7\u00e3o de pagamentos de sal\u00e1rios a trabalhadores vivos e familiares de mortos e desaparecidos, a entrega de documentos considerados fundamentais para a instru\u00e7\u00e3o do inqu\u00e9rito e a apura\u00e7\u00e3o das condi\u00e7\u00f5es de seguran\u00e7a na mina.<\/p>\n<p>A mineradora decidiu\u00a0doar\u00a0R$80 milh\u00f5es para Brumadinho, como forma de compensar a perda de arrecada\u00e7\u00e3o com o rompimento da barragem de rejetos. O montante deve ser repassado \u00e0 prefeitura no decurso de dois anos.<\/p>\n<p>Al\u00e9m disso, a multinacional anunciou, na \u00faltima ter\u00e7a-feira, 29, que\u00a0fechar\u00e1 dez barragens semelhantes \u00e0 que foi afetada, todas localizadas em Minas Gerais.<\/p>\n<p><em>Fonte: Ag\u00eancia Brasil<\/em><\/p>\n","protected":false},"excerpt":{"rendered":"<p>O Corpo de Bombeiros Militar de Minas Gerais informou nessa sexta-feira, 1, que n\u00e3o h\u00e1 como prever uma data de encerramento das buscas por v\u00edtimas na regi\u00e3o de Brumadinho (MG), onde a\u00a0barragem da Mina C\u00f3rrego do Feij\u00e3o, da mineradora Vale, se rompeu, no dia 25 de janeiro. &#8220;A gente ainda tem que fazer um planejamento, [&hellip;]<\/p>\n","protected":false},"author":96,"featured_media":0,"comment_status":"closed","ping_status":"closed","sticky":false,"template":"","format":"standard","meta":{"footnotes":""},"categories":[302,436,439],"tags":[],"class_list":["post-132846","post","type-post","status-publish","format-standard","hentry","category-brasil-mundo","category-destaque-da-semana","category-ultima-hora"],"_links":{"self":[{"href":"https:\/\/diarioregionaldigital.com.br\/index.php?rest_route=\/wp\/v2\/posts\/132846","targetHints":{"allow":["GET"]}}],"collection":[{"href":"https:\/\/diarioregionaldigital.com.br\/index.php?rest_route=\/wp\/v2\/posts"}],"about":[{"href":"https:\/\/diarioregionaldigital.com.br\/index.php?rest_route=\/wp\/v2\/types\/post"}],"author":[{"embeddable":true,"href":"https:\/\/diarioregionaldigital.com.br\/index.php?rest_route=\/wp\/v2\/users\/96"}],"replies":[{"embeddable":true,"href":"https:\/\/diarioregionaldigital.com.br\/index.php?rest_route=%2Fwp%2Fv2%2Fcomments&post=132846"}],"version-history":[{"count":0,"href":"https:\/\/diarioregionaldigital.com.br\/index.php?rest_route=\/wp\/v2\/posts\/132846\/revisions"}],"wp:attachment":[{"href":"https:\/\/diarioregionaldigital.com.br\/index.php?rest_route=%2Fwp%2Fv2%2Fmedia&parent=132846"}],"wp:term":[{"taxonomy":"category","embeddable":true,"href":"https:\/\/diarioregionaldigital.com.br\/index.php?rest_route=%2Fwp%2Fv2%2Fcategories&post=132846"},{"taxonomy":"post_tag","embeddable":true,"href":"https:\/\/diarioregionaldigital.com.br\/index.php?rest_route=%2Fwp%2Fv2%2Ftags&post=132846"}],"curies":[{"name":"wp","href":"https:\/\/api.w.org\/{rel}","templated":true}]}}