{"id":132843,"date":"2019-02-02T10:17:14","date_gmt":"2019-02-02T12:17:14","guid":{"rendered":"https:\/\/diarioregionaldigital.com.br\/?p=132843"},"modified":"2019-02-02T10:17:14","modified_gmt":"2019-02-02T12:17:14","slug":"roda-de-samba-da-camara-abre-oficialmente-carnaval-2019-em-jf","status":"publish","type":"post","link":"https:\/\/diarioregionaldigital.com.br\/?p=132843","title":{"rendered":"Roda de Samba da C\u00e2mara abre oficialmente Carnaval 2019 em JF"},"content":{"rendered":"<p>Samba, divers\u00e3o e muita folia. \u00c9 nesse clima que a C\u00e2mara Municipal abre oficialmente o carnaval de Juiz de Fora no dia 22 de fevereiro. Desta vez, o formato ser\u00e1 diferenciado, ele desponta com uma inova\u00e7\u00e3o significativa. O palco ser\u00e1 montado em frente ao Pal\u00e1cio Barbosa Lima, oportunizando \u00e0 popula\u00e7\u00e3o uma vis\u00e3o 360\u00ba de toda a festa.<\/p>\n<p>Segundo o presidente da C\u00e2mara, vereador Pardal (PTC), &#8220;o objetivo \u00e9 aproximar os foli\u00f5es das atra\u00e7\u00f5es que ser\u00e3o oferecidas, demonstrando ainda o compromisso da Casa de promover a\u00e7\u00f5es seguras e agrad\u00e1veis para as fam\u00edlias e foli\u00f5es da cidade&#8221;.<\/p>\n<p>Grandes atra\u00e7\u00f5es est\u00e3o previstas para o evento, como a Banda Daki; que desde 1972 encanta os desfiles da cidade; Noca da Portela com Grupo Fam\u00edlia, trazendo\u00a0 memor\u00e1veis marchinhas e sambas enredo consagrados; Samba do Mestre e Sambratuk, apresentando os cl\u00e1ssicos d\u00e1 m\u00fasica tocados com instrumentos de percuss\u00e3o carnavalesca. Na programa\u00e7\u00e3o tamb\u00e9m est\u00e1 prevista a participa\u00e7\u00e3o de baterias e passistas locais, abrilhantando ainda mais a folia.<\/p>\n<p><em>Fonte: C\u00e2mara<\/em><\/p>\n","protected":false},"excerpt":{"rendered":"<p>Samba, divers\u00e3o e muita folia. \u00c9 nesse clima que a C\u00e2mara Municipal abre oficialmente o carnaval de Juiz de Fora no dia 22 de fevereiro. Desta vez, o formato ser\u00e1 diferenciado, ele desponta com uma inova\u00e7\u00e3o significativa. O palco ser\u00e1 montado em frente ao Pal\u00e1cio Barbosa Lima, oportunizando \u00e0 popula\u00e7\u00e3o uma vis\u00e3o 360\u00ba de toda [&hellip;]<\/p>\n","protected":false},"author":96,"featured_media":0,"comment_status":"closed","ping_status":"closed","sticky":false,"template":"","format":"standard","meta":{"footnotes":""},"categories":[253,439],"tags":[],"class_list":["post-132843","post","type-post","status-publish","format-standard","hentry","category-cidade","category-ultima-hora"],"_links":{"self":[{"href":"https:\/\/diarioregionaldigital.com.br\/index.php?rest_route=\/wp\/v2\/posts\/132843","targetHints":{"allow":["GET"]}}],"collection":[{"href":"https:\/\/diarioregionaldigital.com.br\/index.php?rest_route=\/wp\/v2\/posts"}],"about":[{"href":"https:\/\/diarioregionaldigital.com.br\/index.php?rest_route=\/wp\/v2\/types\/post"}],"author":[{"embeddable":true,"href":"https:\/\/diarioregionaldigital.com.br\/index.php?rest_route=\/wp\/v2\/users\/96"}],"replies":[{"embeddable":true,"href":"https:\/\/diarioregionaldigital.com.br\/index.php?rest_route=%2Fwp%2Fv2%2Fcomments&post=132843"}],"version-history":[{"count":0,"href":"https:\/\/diarioregionaldigital.com.br\/index.php?rest_route=\/wp\/v2\/posts\/132843\/revisions"}],"wp:attachment":[{"href":"https:\/\/diarioregionaldigital.com.br\/index.php?rest_route=%2Fwp%2Fv2%2Fmedia&parent=132843"}],"wp:term":[{"taxonomy":"category","embeddable":true,"href":"https:\/\/diarioregionaldigital.com.br\/index.php?rest_route=%2Fwp%2Fv2%2Fcategories&post=132843"},{"taxonomy":"post_tag","embeddable":true,"href":"https:\/\/diarioregionaldigital.com.br\/index.php?rest_route=%2Fwp%2Fv2%2Ftags&post=132843"}],"curies":[{"name":"wp","href":"https:\/\/api.w.org\/{rel}","templated":true}]}}