{"id":132840,"date":"2019-02-02T10:07:54","date_gmt":"2019-02-02T12:07:54","guid":{"rendered":"https:\/\/diarioregionaldigital.com.br\/?p=132840"},"modified":"2019-02-02T10:07:54","modified_gmt":"2019-02-02T12:07:54","slug":"jovem-e-baleado-durante-baile-funk-em-muriae-e-morre-ao-dar-entrada-no-hsp","status":"publish","type":"post","link":"https:\/\/diarioregionaldigital.com.br\/?p=132840","title":{"rendered":"Jovem \u00e9 baleado durante baile funk em Muria\u00e9 e morre ao dar entrada no HSP"},"content":{"rendered":"<p>Um jovem de 22 anos foi assassinado com tr\u00eas tiros, sendo um no pesco\u00e7o e dois no t\u00f3rax, na madrugada deste s\u00e1bado, 2, em um baile funk em Muria\u00e9.<\/p>\n<p>A vitima foi socorrida e levada ao Hospital S\u00e3o Paulo, onde j\u00e1 chegou sem vida.<\/p>\n<p>De acordo com a Pol\u00edcia Militar (PM), os propriet\u00e1rios da casa de eventos disseram que a v\u00edtima se envolveu em uma briga dentro do estabelecimento, que terminou fora do local em frente ao port\u00e3o. Momento em que uma pessoa n\u00e3o identificada teria efetuado tr\u00eas disparos de arma de fogo contra v\u00edtima e fugiu na sequ\u00eancia.<\/p>\n<p>Os participantes do evento n\u00e3o souberam informar as caracter\u00edsticas do autor. Esse \u00e9 o 3\u00ba homic\u00eddio do ano em Muria\u00e9<\/p>\n<p><em>Fonte: R\u00e1dio Muria\u00e9\u00a0<\/em><\/p>\n","protected":false},"excerpt":{"rendered":"<p>Um jovem de 22 anos foi assassinado com tr\u00eas tiros, sendo um no pesco\u00e7o e dois no t\u00f3rax, na madrugada deste s\u00e1bado, 2, em um baile funk em Muria\u00e9. A vitima foi socorrida e levada ao Hospital S\u00e3o Paulo, onde j\u00e1 chegou sem vida. De acordo com a Pol\u00edcia Militar (PM), os propriet\u00e1rios da casa [&hellip;]<\/p>\n","protected":false},"author":96,"featured_media":0,"comment_status":"closed","ping_status":"closed","sticky":false,"template":"","format":"standard","meta":{"footnotes":""},"categories":[252,439],"tags":[],"class_list":["post-132840","post","type-post","status-publish","format-standard","hentry","category-regiao","category-ultima-hora"],"_links":{"self":[{"href":"https:\/\/diarioregionaldigital.com.br\/index.php?rest_route=\/wp\/v2\/posts\/132840","targetHints":{"allow":["GET"]}}],"collection":[{"href":"https:\/\/diarioregionaldigital.com.br\/index.php?rest_route=\/wp\/v2\/posts"}],"about":[{"href":"https:\/\/diarioregionaldigital.com.br\/index.php?rest_route=\/wp\/v2\/types\/post"}],"author":[{"embeddable":true,"href":"https:\/\/diarioregionaldigital.com.br\/index.php?rest_route=\/wp\/v2\/users\/96"}],"replies":[{"embeddable":true,"href":"https:\/\/diarioregionaldigital.com.br\/index.php?rest_route=%2Fwp%2Fv2%2Fcomments&post=132840"}],"version-history":[{"count":0,"href":"https:\/\/diarioregionaldigital.com.br\/index.php?rest_route=\/wp\/v2\/posts\/132840\/revisions"}],"wp:attachment":[{"href":"https:\/\/diarioregionaldigital.com.br\/index.php?rest_route=%2Fwp%2Fv2%2Fmedia&parent=132840"}],"wp:term":[{"taxonomy":"category","embeddable":true,"href":"https:\/\/diarioregionaldigital.com.br\/index.php?rest_route=%2Fwp%2Fv2%2Fcategories&post=132840"},{"taxonomy":"post_tag","embeddable":true,"href":"https:\/\/diarioregionaldigital.com.br\/index.php?rest_route=%2Fwp%2Fv2%2Ftags&post=132840"}],"curies":[{"name":"wp","href":"https:\/\/api.w.org\/{rel}","templated":true}]}}