{"id":132826,"date":"2019-02-02T09:20:24","date_gmt":"2019-02-02T11:20:24","guid":{"rendered":"https:\/\/diarioregionaldigital.com.br\/?p=132826"},"modified":"2019-02-02T09:21:07","modified_gmt":"2019-02-02T11:21:07","slug":"dupla-e-presa-por-trafico-de-drogas-apos-operacao-da-pm-no-bairro-nova-germania","status":"publish","type":"post","link":"https:\/\/diarioregionaldigital.com.br\/?p=132826","title":{"rendered":"Dupla \u00e9 presa por tr\u00e1fico de drogas ap\u00f3s opera\u00e7\u00e3o da PM no bairro Nova Germ\u00e2nia"},"content":{"rendered":"<div class=\"mc-column content-text active-extra-styles active-capital-letter\" data-block-type=\"unstyled\" data-block-weight=\"34\" data-block-id=\"2\">\n<p class=\"content-text__container theme-color-primary-first-letter\" data-track-category=\"Link no Texto\" data-track-links=\"\">Dois jovens, de 24 e 26 anos, foram presos por tr\u00e1fico de drogas na noite dessa sexta-feira, 1, no bairro Nova Germ\u00e2nia, na Cidade Alta, em Juiz de Fora.<\/p>\n<\/div>\n<div class=\"wall protected-content\">\n<div class=\"mc-column content-text active-extra-styles \" data-block-type=\"unstyled\" data-block-weight=\"17\" data-block-id=\"3\">\n<p class=\"content-text__container \" data-track-category=\"Link no Texto\" data-track-links=\"\">Durante a\u00e7\u00e3o na rua El\u00eddio Lino Alves, os policiais encontraram a dupla em um beco e fizeram a apreens\u00e3o de 42 buchas de subst\u00e2ncia an\u00e1loga a maconha e R$606 reais em moeda corrente.<\/p>\n<p data-track-category=\"Link no Texto\" data-track-links=\"\">Os autores foram presos em flagrante pela pr\u00e1tica delituosa e encaminhados \u00e0 presen\u00e7a da autoridade de pol\u00edcia judici\u00e1ria juntamente com o material apreendido.<\/p>\n<\/div>\n<\/div>\n","protected":false},"excerpt":{"rendered":"<p>Dois jovens, de 24 e 26 anos, foram presos por tr\u00e1fico de drogas na noite dessa sexta-feira, 1, no bairro Nova Germ\u00e2nia, na Cidade Alta, em Juiz de Fora. Durante a\u00e7\u00e3o na rua El\u00eddio Lino Alves, os policiais encontraram a dupla em um beco e fizeram a apreens\u00e3o de 42 buchas de subst\u00e2ncia an\u00e1loga a [&hellip;]<\/p>\n","protected":false},"author":96,"featured_media":97342,"comment_status":"closed","ping_status":"closed","sticky":false,"template":"","format":"standard","meta":{"footnotes":""},"categories":[301,439],"tags":[],"class_list":["post-132826","post","type-post","status-publish","format-standard","has-post-thumbnail","hentry","category-artigos-policiais","category-ultima-hora"],"_links":{"self":[{"href":"https:\/\/diarioregionaldigital.com.br\/index.php?rest_route=\/wp\/v2\/posts\/132826","targetHints":{"allow":["GET"]}}],"collection":[{"href":"https:\/\/diarioregionaldigital.com.br\/index.php?rest_route=\/wp\/v2\/posts"}],"about":[{"href":"https:\/\/diarioregionaldigital.com.br\/index.php?rest_route=\/wp\/v2\/types\/post"}],"author":[{"embeddable":true,"href":"https:\/\/diarioregionaldigital.com.br\/index.php?rest_route=\/wp\/v2\/users\/96"}],"replies":[{"embeddable":true,"href":"https:\/\/diarioregionaldigital.com.br\/index.php?rest_route=%2Fwp%2Fv2%2Fcomments&post=132826"}],"version-history":[{"count":0,"href":"https:\/\/diarioregionaldigital.com.br\/index.php?rest_route=\/wp\/v2\/posts\/132826\/revisions"}],"wp:featuredmedia":[{"embeddable":true,"href":"https:\/\/diarioregionaldigital.com.br\/index.php?rest_route=\/wp\/v2\/media\/97342"}],"wp:attachment":[{"href":"https:\/\/diarioregionaldigital.com.br\/index.php?rest_route=%2Fwp%2Fv2%2Fmedia&parent=132826"}],"wp:term":[{"taxonomy":"category","embeddable":true,"href":"https:\/\/diarioregionaldigital.com.br\/index.php?rest_route=%2Fwp%2Fv2%2Fcategories&post=132826"},{"taxonomy":"post_tag","embeddable":true,"href":"https:\/\/diarioregionaldigital.com.br\/index.php?rest_route=%2Fwp%2Fv2%2Ftags&post=132826"}],"curies":[{"name":"wp","href":"https:\/\/api.w.org\/{rel}","templated":true}]}}