{"id":132752,"date":"2019-02-04T08:55:35","date_gmt":"2019-02-04T10:55:35","guid":{"rendered":"https:\/\/diarioregionaldigital.com.br\/?p=132752"},"modified":"2019-02-04T08:56:46","modified_gmt":"2019-02-04T10:56:46","slug":"ufjf-promete-melhorias-em-2019-para-alunos-e-juiz-de-fora","status":"publish","type":"post","link":"https:\/\/diarioregionaldigital.com.br\/?p=132752","title":{"rendered":"UFJF promete melhorias em 2019 para alunos e Juiz de Fora"},"content":{"rendered":"<p>O ano de 2019 iniciou com muitas modifica\u00e7\u00f5es no \u00e2mbito federativo. Um processo que j\u00e1 era esperado e que \u00e9 considerado normal em momento de entrada de um novo governo. Por\u00e9m, essas mudan\u00e7as podem trazer alguns tipos de impactos para uma parte das institui\u00e7\u00f5es federativas, pelo menos neste primeiro ano de transi\u00e7\u00e3o do governo.<\/p>\n<p>Para o reitor da Universidade Federal de Juiz de Fora (UFJF), Marcos David, a transi\u00e7\u00e3o de governos pode causar um grande impacto, justamente por ser o ente federativo, a qual a institui\u00e7\u00e3o est\u00e1 vinculada.<\/p>\n<p>Visando minimizar qualquer tipo de impacto, a UFJF poder\u00e1 sofrer durante este processo inicial de adapta\u00e7\u00e3o, o reitor, junto com o conselho superior, tomou algumas medidas ainda em 2018.<\/p>\n<p>O reitor destaca que uma das medidas tomadas foi a \u201ctentativa de equacionar o or\u00e7amento de 2019\u201d, mas ressalva a necessidade de o governo cumprir a lei or\u00e7ament\u00e1ria j\u00e1 aprovada. \u201cO recurso que vir\u00e1 para a universidade \u00e9 que vai nos ajudar a fazer essa travessia. Mesmo sendo um or\u00e7amento abaixo das necessidades da universidade, vamos conseguir equilibrar usando algumas receitas pr\u00f3prias e algumas recupera\u00e7\u00f5es de cr\u00e9ditos que tivemos\u201d, afirmou o reitor.<\/p>\n<p>Nos \u00faltimos anos, as universidades federais do pa\u00eds v\u00eam enfrentando dificuldades com os recursos repassados pelo governo federal, devido as perdas inflacion\u00e1rias e com as amplia\u00e7\u00f5es que s\u00e3o realizadas. Desde 2014, os or\u00e7amentos n\u00e3o sofreram corre\u00e7\u00f5es, o que gera um \u00edndice de perda de custeio para as institui\u00e7\u00f5es de 35%.<\/p>\n<p>At\u00e9 o momento, a universidade n\u00e3o conseguiu se reunir com o novo minist\u00e9rio, a expectativa \u00e9 que as primeiras reuni\u00f5es aconte\u00e7am a partir de fevereiro.<\/p>\n<p>Neste ano de 2019, a Universidade Federal de Juiz de Fora abre as portas para 3.649 novos alunos, que ser\u00e3o distribu\u00eddos entre os 72 cursos de gradua\u00e7\u00e3o da institui\u00e7\u00e3o. Mesmo diante da necessidade de ajustes no or\u00e7amento, a UFJF projetou para este ano algumas melhorias referentes \u00e0 assist\u00eancia estudantil, a entrega de obras, o in\u00edcio de novas obras\/reformas necess\u00e1rias para a institui\u00e7\u00e3o, a\u00e7\u00f5es culturais e projetos, aproximando ainda mais os alunos e a comunidade.<\/p>\n<div id=\"attachment_132754\" style=\"width: 310px\" class=\"wp-caption alignleft\"><img loading=\"lazy\" decoding=\"async\" aria-describedby=\"caption-attachment-132754\" class=\"size-medium wp-image-132754\" src=\"https:\/\/diarioregionaldigital.com.br\/wp-content\/uploads\/2019\/02\/FOTO-02-rafaela-300x200.jpg\" alt=\"\" width=\"300\" height=\"200\" srcset=\"https:\/\/diarioregionaldigital.com.br\/wp-content\/uploads\/2019\/02\/FOTO-02-rafaela-300x200.jpg 300w, https:\/\/diarioregionaldigital.com.br\/wp-content\/uploads\/2019\/02\/FOTO-02-rafaela-768x512.jpg 768w, https:\/\/diarioregionaldigital.com.br\/wp-content\/uploads\/2019\/02\/FOTO-02-rafaela-1024x683.jpg 1024w, https:\/\/diarioregionaldigital.com.br\/wp-content\/uploads\/2019\/02\/FOTO-02-rafaela-360x240.jpg 360w\" sizes=\"auto, (max-width: 300px) 100vw, 300px\" \/><p id=\"caption-attachment-132754\" class=\"wp-caption-text\">A melhorias realizadas, neste ano, ir\u00e3o beneficiar alunos e comunidade, refletindo uma maior aproxima\u00e7\u00e3o. Foto: Arquivo\/Rafaela Frutuoso<\/p><\/div>\n<p><strong>Assist\u00eancia Estudantil<\/strong><\/p>\n<p>A atual gest\u00e3o da Universidade Federal de Juiz de Fora deu in\u00edcio no ano de 2016. Assim que assumiu, uma s\u00e9rie de novas pol\u00edticas foram tomadas para as diversas \u00e1reas de assist\u00eancia estudantil.<\/p>\n<p>Durante essa nova gest\u00e3o foi criado um F\u00f3rum de Assist\u00eancia Estudantil composto pela equipe t\u00e9cnica da pr\u00f3-reitoria de assist\u00eancia estudantil, junto com os estudantes. Essa cria\u00e7\u00e3o permitiu que todas as propostas de novas pol\u00edticas fossem amplamente debatidas e criadas de uma forma mais segura.<\/p>\n<p>A assist\u00eancia estudantil ganhou novas dimens\u00e3o, para que n\u00e3o ficassem reduzidas somente ao pagamento de bolsas. Alunos passaram a contar com os apoios psicol\u00f3gicos e pedag\u00f3gicos.<\/p>\n<p>Houve uma mudan\u00e7a no processo que permite que os alunos tenham acesso ao benef\u00edcio da moradia estudantil. Anteriormente, para o aluno solicitar este benef\u00edcio, era necess\u00e1rio aguardar o lan\u00e7amento do edital, que ocorria uma vez a cada ano. Hoje o acesso \u00e0 moradia estudantil, se d\u00e1 atrav\u00e9s de um fluxo cont\u00ednuo para ingresso. N\u00e3o sendo mais necess\u00e1rio aguardar a abertura do edital. \u201cSe algum aluno tivesse alguma mudan\u00e7a de renda familiar no meio no ano, seja por redu\u00e7\u00e3o ou perda de renda, que lhe desse o direito de solicitar a moradia estudantil, ele tinha que aguardar at\u00e9 o final do ano, a abertura de um novo edital. Com essa mudan\u00e7a no processo, n\u00e3o \u00e9 mais necess\u00e1rio\u201d, explica o reitor.<\/p>\n<p>Ainda no final de 2018 algumas bolsas tiveram seus valores revisados. Os valores estavam sem corre\u00e7\u00e3o devido ao bom processo de gest\u00e3o realizado pela pr\u00f3-reitoria, sendo poss\u00edvel rever os valores.<\/p>\n<p><strong>Novos espa\u00e7os<\/strong><\/p>\n<p>A partir do m\u00eas de mar\u00e7o, Juiz de Fora ganha mais um espa\u00e7o para visita\u00e7\u00f5es. Ap\u00f3s a conclus\u00e3o da obra de infraestrutura, a UFJF abrir\u00e1 o Jardim Bot\u00e2nico ao p\u00fablico. Uma segunda obra, que tamb\u00e9m ser\u00e1 entregue neste ano, \u00e9 o Complexo do Gin\u00e1sio Esportivo. A previs\u00e3o \u00e9 que a obra seja entregue at\u00e9 o m\u00eas de abril, podendo ser antecipada para mar\u00e7o.<\/p>\n<p>Al\u00e9m desses espa\u00e7os, existem outras obras importantes que est\u00e3o sendo finalizadas, \u201cem destaque a um bloco administrativo, que estamos apenas terminando de realizar alguns testes, ele fica localizado ao lado do pr\u00e9dio das Artes. Teremos a entrega da reforma dos laborat\u00f3rios do ICB (Instituto de Ci\u00eancias Biol\u00f3gicas). S\u00e3o obras realizadas para come\u00e7ar o semestre com elas conclu\u00eddas. Temos a obra no anat\u00f4mico, que foi uma obra grande, que dever\u00e1 ser entregue tamb\u00e9m em mar\u00e7o\u201d, complementa Marcos David.<\/p>\n<p><strong>Cultura<\/strong><\/p>\n<p>A UFJF promete um ano intenso para a cultura, neste ano s\u00e3o comemorados:<\/p>\n<p>&#8211; 90 anos do Cine-Theatro Central<\/p>\n<p>&#8211; 30 anos do Festival Internacional de M\u00fasica Colonial Brasileira e M\u00fasica Antiga<\/p>\n<p>&#8211; 25 anos que a UFJF adquiriu o acervo de artes pl\u00e1sticas do poeta Murilo Mendes<\/p>\n<p>&#8211; Inaugura\u00e7\u00e3o da Escola de M\u00fasica da Universidade. \u00c9 um novo projeto com cursos para a popula\u00e7\u00e3o e alunos da institui\u00e7\u00e3o.<\/p>\n<p><strong>Novos Projetos<\/strong><\/p>\n<p>O conselho superior da UFJF, ao aprovar o or\u00e7amento para este ano, trabalhou toda a perspectiva para 2019. Levando em considera\u00e7\u00e3o que a institui\u00e7\u00e3o ir\u00e1 utilizar todo o or\u00e7amento planejado, ser\u00e1 poss\u00edvel retornar com algumas obras consideradas priorit\u00e1rias pelo conselho.<\/p>\n<p>Obras priorit\u00e1rias<\/p>\n<p>&#8211; \u201cO complexo que atende a \u00e1rea de administra\u00e7\u00e3o, ci\u00eancias cont\u00e1beis e servi\u00e7o social\u201d.<\/p>\n<p>&#8211; \u201cA reformar de um pr\u00e9dio para abrigar o curso de medicina veterin\u00e1ria\u201d.<\/p>\n<p>&#8211; \u201cRetomada do hospital e outras pequenas obras do campus que foram paralisadas\u201d.<\/p>\n<p>Segundo o reitor, os projetos dos dois menores blocos do Hospital Universit\u00e1rio est\u00e3o sendo finalizados e foram realizados pela pr\u00f3pria UFJF, sendo desnecess\u00e1rio a contrata\u00e7\u00e3o de empresas. Ele explica que para a retomada dessas obras \u00e9 necess\u00e1rio aguardar uma libera\u00e7\u00e3o da justi\u00e7a. \u201cAcabamos de solicitar \u00e0 justi\u00e7a a libera\u00e7\u00e3o dessas obras, pois todas elas est\u00e3o ajuizadas, com v\u00e1rios embates judiciais. Se a justi\u00e7a efetuar a libera\u00e7\u00e3o, imediatamente colocaremos o processo licitat\u00f3rio na rua\u201d, afirmou.<\/p>\n<p>A retomada da obra do hospital, seria apenas para os dois blocos menores, sendo o bloco de ambulat\u00f3rio e o bloco do CAPS (Centro de Aten\u00e7\u00e3o Psicossocial). \u201cEscolhemos esses blocos, pois ficando pronto n\u00f3s conseguimos coloca-los em opera\u00e7\u00e3o\u201d.<\/p>\n<p>Marcos explica que para dar continuidade na obra da maior torre ser\u00e1 necess\u00e1ria uma negocia\u00e7\u00e3o. \u201cO problema do bloco principal, que \u00e9 a maior torre que a gente v\u00ea, \u00e9 custo daquela obra. Ent\u00e3o essa obra vai entrar em uma negocia\u00e7\u00e3o com a EBSEHR, que \u00e9 a empresa gestora\u201d.<\/p>\n<p><strong>Comunidade<\/strong><\/p>\n<p>O conselho superior da UFJF aprovou para este ano um incremento de amplia\u00e7\u00e3o do projeto boa vizinhan\u00e7a, que estimula a aproxima\u00e7\u00e3o dos alunos e a comunidade, nas mais diferentes \u00e1reas. Foi necess\u00e1rio o incremento, pelo fato desses projetos envolverem alunos que necessitam receber suas bolsas.<\/p>\n<p>\u201cA vantagem para os alunos \u00e9 o ganho profissional do conhecimento da realidade, pois temos que tomar muito cuidado para n\u00e3o formarmos grandes profissionais que n\u00e3o conhecem a realidade do pa\u00eds. J\u00e1 a comunidade ganha com os servi\u00e7os que s\u00e3o oferecidos pela universidade\u201d, finaliza o reitor.<\/p>\n","protected":false},"excerpt":{"rendered":"<p>O ano de 2019 iniciou com muitas modifica\u00e7\u00f5es no \u00e2mbito federativo. Um processo que j\u00e1 era esperado e que \u00e9 considerado normal em momento de entrada de um novo governo. Por\u00e9m, essas mudan\u00e7as podem trazer alguns tipos de impactos para uma parte das institui\u00e7\u00f5es federativas, pelo menos neste primeiro ano de transi\u00e7\u00e3o do governo. Para [&hellip;]<\/p>\n","protected":false},"author":96,"featured_media":132753,"comment_status":"closed","ping_status":"closed","sticky":false,"template":"","format":"standard","meta":{"footnotes":""},"categories":[253,436,440,262,439],"tags":[],"class_list":["post-132752","post","type-post","status-publish","format-standard","has-post-thumbnail","hentry","category-cidade","category-destaque-da-semana","category-destaques-do-dia","category-noticias","category-ultima-hora"],"_links":{"self":[{"href":"https:\/\/diarioregionaldigital.com.br\/index.php?rest_route=\/wp\/v2\/posts\/132752","targetHints":{"allow":["GET"]}}],"collection":[{"href":"https:\/\/diarioregionaldigital.com.br\/index.php?rest_route=\/wp\/v2\/posts"}],"about":[{"href":"https:\/\/diarioregionaldigital.com.br\/index.php?rest_route=\/wp\/v2\/types\/post"}],"author":[{"embeddable":true,"href":"https:\/\/diarioregionaldigital.com.br\/index.php?rest_route=\/wp\/v2\/users\/96"}],"replies":[{"embeddable":true,"href":"https:\/\/diarioregionaldigital.com.br\/index.php?rest_route=%2Fwp%2Fv2%2Fcomments&post=132752"}],"version-history":[{"count":0,"href":"https:\/\/diarioregionaldigital.com.br\/index.php?rest_route=\/wp\/v2\/posts\/132752\/revisions"}],"wp:featuredmedia":[{"embeddable":true,"href":"https:\/\/diarioregionaldigital.com.br\/index.php?rest_route=\/wp\/v2\/media\/132753"}],"wp:attachment":[{"href":"https:\/\/diarioregionaldigital.com.br\/index.php?rest_route=%2Fwp%2Fv2%2Fmedia&parent=132752"}],"wp:term":[{"taxonomy":"category","embeddable":true,"href":"https:\/\/diarioregionaldigital.com.br\/index.php?rest_route=%2Fwp%2Fv2%2Fcategories&post=132752"},{"taxonomy":"post_tag","embeddable":true,"href":"https:\/\/diarioregionaldigital.com.br\/index.php?rest_route=%2Fwp%2Fv2%2Ftags&post=132752"}],"curies":[{"name":"wp","href":"https:\/\/api.w.org\/{rel}","templated":true}]}}