{"id":132698,"date":"2019-02-03T06:00:52","date_gmt":"2019-02-03T08:00:52","guid":{"rendered":"https:\/\/diarioregionaldigital.com.br\/?p=132698"},"modified":"2019-01-31T19:06:42","modified_gmt":"2019-01-31T21:06:42","slug":"fashion-2","status":"publish","type":"post","link":"https:\/\/diarioregionaldigital.com.br\/?p=132698","title":{"rendered":"Fashion"},"content":{"rendered":"<p style=\"text-align: center;\"><strong>Novo ser <\/strong><\/p>\n<p style=\"text-align: center;\">Dona cegonha aprontou de novo. Colocou na chamin\u00e9 de Marcela Gouv\u00eaa Sotto Maior e Rudolf Paul o robusto beb\u00ea Noah, que nasceu no Hospital Albert Sabin. Comemorando com charutos cubanos, os pais dela e agora vov\u00f4s, Jane Gouv\u00eaa Sotto Maior e M\u00e1rcio Sotto Maior.<\/p>\n<p style=\"text-align: center;\"><strong>Grito de Carnaval<\/strong><\/p>\n<p style=\"text-align: center;\">Rainha da alegria e do parangol\u00e9, Raquel Torres vai agitar seu reduto no Aeroporto para o desfile do Bloco da Papel no dia 22 de fevereiro. A turma bonita e antenada vai cantar m\u00fasicas de carnaval, com direito a confetes e serpentinas.<\/p>\n<p style=\"text-align: center;\"><strong>Sucesso<\/strong><\/p>\n<p style=\"text-align: center;\">Economista formando pela PUC, Henrique Portugal \u00e9 tecladista da banda Skank e veio a Juiz de Fora a convite de Juliano Leite do Clube de Permuta para a almo\u00e7o \u201cSegredo do Chef\u201d, onde fez palestra com o tema \u201c Experimentando novas ideias\u201d.<\/p>\n<p style=\"text-align: center;\"><strong>Fashion<\/strong><\/p>\n<p style=\"text-align: center;\">Aproveite as temperaturas altas para abusar de cores vibrantes e estampas poderosas. A temporada ver\u00e3o exige listra colorida, flores e frutas simbolizando os tons mais quentes da esta\u00e7\u00e3o.<\/p>\n<div id=\"attachment_132690\" style=\"width: 690px\" class=\"wp-caption aligncenter\"><img loading=\"lazy\" decoding=\"async\" aria-describedby=\"caption-attachment-132690\" class=\"wp-image-132690\" src=\"https:\/\/diarioregionaldigital.com.br\/wp-content\/uploads\/2019\/01\/fotoa-9-e1548967900541.jpg\" alt=\"\" width=\"680\" height=\"665\" srcset=\"https:\/\/diarioregionaldigital.com.br\/wp-content\/uploads\/2019\/01\/fotoa-9-e1548967900541.jpg 984w, https:\/\/diarioregionaldigital.com.br\/wp-content\/uploads\/2019\/01\/fotoa-9-e1548967900541-300x294.jpg 300w, https:\/\/diarioregionaldigital.com.br\/wp-content\/uploads\/2019\/01\/fotoa-9-e1548967900541-768x752.jpg 768w, https:\/\/diarioregionaldigital.com.br\/wp-content\/uploads\/2019\/01\/fotoa-9-e1548967900541-360x352.jpg 360w\" sizes=\"auto, (max-width: 680px) 100vw, 680px\" \/><p id=\"caption-attachment-132690\" class=\"wp-caption-text\">O tempo passa, o tempo voa e a cantora mangueirense e flamenguista Rosemary continua numa boa<\/p><\/div>\n<div id=\"attachment_132692\" style=\"width: 690px\" class=\"wp-caption aligncenter\"><img loading=\"lazy\" decoding=\"async\" aria-describedby=\"caption-attachment-132692\" class=\"wp-image-132692\" src=\"https:\/\/diarioregionaldigital.com.br\/wp-content\/uploads\/2019\/01\/fotobb-4.jpg\" alt=\"\" width=\"680\" height=\"454\" srcset=\"https:\/\/diarioregionaldigital.com.br\/wp-content\/uploads\/2019\/01\/fotobb-4.jpg 1770w, https:\/\/diarioregionaldigital.com.br\/wp-content\/uploads\/2019\/01\/fotobb-4-300x200.jpg 300w, https:\/\/diarioregionaldigital.com.br\/wp-content\/uploads\/2019\/01\/fotobb-4-768x513.jpg 768w, https:\/\/diarioregionaldigital.com.br\/wp-content\/uploads\/2019\/01\/fotobb-4-1024x684.jpg 1024w, https:\/\/diarioregionaldigital.com.br\/wp-content\/uploads\/2019\/01\/fotobb-4-360x240.jpg 360w\" sizes=\"auto, (max-width: 680px) 100vw, 680px\" \/><p id=\"caption-attachment-132692\" class=\"wp-caption-text\">No Samba do Mestre na Pra\u00e7a do Bairro de Lourdes, Beto Souza, Luiz Rachid, Luciana Lopes e Andr\u00e9ia Pereira<\/p><\/div>\n<div id=\"attachment_132693\" style=\"width: 690px\" class=\"wp-caption aligncenter\"><img loading=\"lazy\" decoding=\"async\" aria-describedby=\"caption-attachment-132693\" class=\"wp-image-132693\" src=\"https:\/\/diarioregionaldigital.com.br\/wp-content\/uploads\/2019\/01\/fotoc-9-e1548967933851.jpg\" alt=\"\" width=\"680\" height=\"505\" srcset=\"https:\/\/diarioregionaldigital.com.br\/wp-content\/uploads\/2019\/01\/fotoc-9-e1548967933851.jpg 1126w, https:\/\/diarioregionaldigital.com.br\/wp-content\/uploads\/2019\/01\/fotoc-9-e1548967933851-300x223.jpg 300w, https:\/\/diarioregionaldigital.com.br\/wp-content\/uploads\/2019\/01\/fotoc-9-e1548967933851-768x570.jpg 768w, https:\/\/diarioregionaldigital.com.br\/wp-content\/uploads\/2019\/01\/fotoc-9-e1548967933851-1024x760.jpg 1024w, https:\/\/diarioregionaldigital.com.br\/wp-content\/uploads\/2019\/01\/fotoc-9-e1548967933851-360x267.jpg 360w\" sizes=\"auto, (max-width: 680px) 100vw, 680px\" \/><p id=\"caption-attachment-132693\" class=\"wp-caption-text\">Talento 2019, destaque para o diretor da SUAV\/JF, Gabriel Haimon<\/p><\/div>\n<div id=\"attachment_132694\" style=\"width: 690px\" class=\"wp-caption aligncenter\"><img loading=\"lazy\" decoding=\"async\" aria-describedby=\"caption-attachment-132694\" class=\"wp-image-132694\" src=\"https:\/\/diarioregionaldigital.com.br\/wp-content\/uploads\/2019\/01\/fotod-9-e1548967968216.jpg\" alt=\"\" width=\"680\" height=\"473\" srcset=\"https:\/\/diarioregionaldigital.com.br\/wp-content\/uploads\/2019\/01\/fotod-9-e1548967968216.jpg 1192w, https:\/\/diarioregionaldigital.com.br\/wp-content\/uploads\/2019\/01\/fotod-9-e1548967968216-300x210.jpg 300w, https:\/\/diarioregionaldigital.com.br\/wp-content\/uploads\/2019\/01\/fotod-9-e1548967968216-768x534.jpg 768w, https:\/\/diarioregionaldigital.com.br\/wp-content\/uploads\/2019\/01\/fotod-9-e1548967968216-1024x712.jpg 1024w, https:\/\/diarioregionaldigital.com.br\/wp-content\/uploads\/2019\/01\/fotod-9-e1548967968216-360x250.jpg 360w, https:\/\/diarioregionaldigital.com.br\/wp-content\/uploads\/2019\/01\/fotod-9-e1548967968216-100x70.jpg 100w\" sizes=\"auto, (max-width: 680px) 100vw, 680px\" \/><p id=\"caption-attachment-132694\" class=\"wp-caption-text\">Curtindo o ver\u00e3o na Praia do Leme (RJ), os lindos DJ Wesley Rocha e Franciane Vianello<\/p><\/div>\n<div id=\"attachment_132695\" style=\"width: 690px\" class=\"wp-caption aligncenter\"><img loading=\"lazy\" decoding=\"async\" aria-describedby=\"caption-attachment-132695\" class=\"wp-image-132695\" src=\"https:\/\/diarioregionaldigital.com.br\/wp-content\/uploads\/2019\/01\/fotoe-10-e1548967997941.jpg\" alt=\"\" width=\"680\" height=\"546\" srcset=\"https:\/\/diarioregionaldigital.com.br\/wp-content\/uploads\/2019\/01\/fotoe-10-e1548967997941.jpg 1180w, https:\/\/diarioregionaldigital.com.br\/wp-content\/uploads\/2019\/01\/fotoe-10-e1548967997941-300x241.jpg 300w, https:\/\/diarioregionaldigital.com.br\/wp-content\/uploads\/2019\/01\/fotoe-10-e1548967997941-768x617.jpg 768w, https:\/\/diarioregionaldigital.com.br\/wp-content\/uploads\/2019\/01\/fotoe-10-e1548967997941-1024x823.jpg 1024w, https:\/\/diarioregionaldigital.com.br\/wp-content\/uploads\/2019\/01\/fotoe-10-e1548967997941-360x289.jpg 360w\" sizes=\"auto, (max-width: 680px) 100vw, 680px\" \/><p id=\"caption-attachment-132695\" class=\"wp-caption-text\">Partindo para f\u00e9rias pela costa brasileira no navio MSC, Emerson Rodrigo e Renato Neves<\/p><\/div>\n<div id=\"attachment_132696\" style=\"width: 690px\" class=\"wp-caption aligncenter\"><img loading=\"lazy\" decoding=\"async\" aria-describedby=\"caption-attachment-132696\" class=\"wp-image-132696\" src=\"https:\/\/diarioregionaldigital.com.br\/wp-content\/uploads\/2019\/01\/fotog-11.jpg\" alt=\"\" width=\"680\" height=\"452\" srcset=\"https:\/\/diarioregionaldigital.com.br\/wp-content\/uploads\/2019\/01\/fotog-11.jpg 1658w, https:\/\/diarioregionaldigital.com.br\/wp-content\/uploads\/2019\/01\/fotog-11-300x199.jpg 300w, https:\/\/diarioregionaldigital.com.br\/wp-content\/uploads\/2019\/01\/fotog-11-768x510.jpg 768w, https:\/\/diarioregionaldigital.com.br\/wp-content\/uploads\/2019\/01\/fotog-11-1024x681.jpg 1024w, https:\/\/diarioregionaldigital.com.br\/wp-content\/uploads\/2019\/01\/fotog-11-360x239.jpg 360w\" sizes=\"auto, (max-width: 680px) 100vw, 680px\" \/><p id=\"caption-attachment-132696\" class=\"wp-caption-text\">Fazendo social no Glas Parque, M\u00e1rcio e Jane Sotto Maior com Fernanda Falabella e Breno Fonseca Guerra<\/p><\/div>\n<div id=\"attachment_132697\" style=\"width: 690px\" class=\"wp-caption aligncenter\"><img loading=\"lazy\" decoding=\"async\" aria-describedby=\"caption-attachment-132697\" class=\"wp-image-132697\" src=\"https:\/\/diarioregionaldigital.com.br\/wp-content\/uploads\/2019\/01\/fotoh-10.jpg\" alt=\"\" width=\"680\" height=\"453\" srcset=\"https:\/\/diarioregionaldigital.com.br\/wp-content\/uploads\/2019\/01\/fotoh-10.jpg 1758w, https:\/\/diarioregionaldigital.com.br\/wp-content\/uploads\/2019\/01\/fotoh-10-300x200.jpg 300w, https:\/\/diarioregionaldigital.com.br\/wp-content\/uploads\/2019\/01\/fotoh-10-768x511.jpg 768w, https:\/\/diarioregionaldigital.com.br\/wp-content\/uploads\/2019\/01\/fotoh-10-1024x682.jpg 1024w, https:\/\/diarioregionaldigital.com.br\/wp-content\/uploads\/2019\/01\/fotoh-10-360x240.jpg 360w\" sizes=\"auto, (max-width: 680px) 100vw, 680px\" \/><p id=\"caption-attachment-132697\" class=\"wp-caption-text\">Em contagem regressiva para o Bloco Nega Maria os lindos, Daniel de Mattos e Sandra Portella<\/p><\/div>\n<div id=\"attachment_132691\" style=\"width: 690px\" class=\"wp-caption aligncenter\"><img loading=\"lazy\" decoding=\"async\" aria-describedby=\"caption-attachment-132691\" class=\"wp-image-132691\" src=\"https:\/\/diarioregionaldigital.com.br\/wp-content\/uploads\/2019\/01\/fotob-10.jpg\" alt=\"\" width=\"680\" height=\"453\" srcset=\"https:\/\/diarioregionaldigital.com.br\/wp-content\/uploads\/2019\/01\/fotob-10.jpg 1764w, https:\/\/diarioregionaldigital.com.br\/wp-content\/uploads\/2019\/01\/fotob-10-300x200.jpg 300w, https:\/\/diarioregionaldigital.com.br\/wp-content\/uploads\/2019\/01\/fotob-10-768x512.jpg 768w, https:\/\/diarioregionaldigital.com.br\/wp-content\/uploads\/2019\/01\/fotob-10-1024x683.jpg 1024w, https:\/\/diarioregionaldigital.com.br\/wp-content\/uploads\/2019\/01\/fotob-10-360x240.jpg 360w\" sizes=\"auto, (max-width: 680px) 100vw, 680px\" \/><p id=\"caption-attachment-132691\" class=\"wp-caption-text\">Gente elegante no Glas Parque, Ant\u00f4nio Henrique e Antonieta Fonseca, Cristina Mansur, Christine e Edson Mansur<\/p><\/div>\n<p><img loading=\"lazy\" decoding=\"async\" class=\"aligncenter wp-image-132248\" src=\"https:\/\/diarioregionaldigital.com.br\/wp-content\/uploads\/2019\/01\/anuncio-viva-ver\u00e3o.jpg\" alt=\"\" width=\"680\" height=\"592\" srcset=\"https:\/\/diarioregionaldigital.com.br\/wp-content\/uploads\/2019\/01\/anuncio-viva-ver\u00e3o.jpg 3446w, https:\/\/diarioregionaldigital.com.br\/wp-content\/uploads\/2019\/01\/anuncio-viva-ver\u00e3o-300x261.jpg 300w, https:\/\/diarioregionaldigital.com.br\/wp-content\/uploads\/2019\/01\/anuncio-viva-ver\u00e3o-768x668.jpg 768w, https:\/\/diarioregionaldigital.com.br\/wp-content\/uploads\/2019\/01\/anuncio-viva-ver\u00e3o-1024x891.jpg 1024w, https:\/\/diarioregionaldigital.com.br\/wp-content\/uploads\/2019\/01\/anuncio-viva-ver\u00e3o-360x313.jpg 360w\" sizes=\"auto, (max-width: 680px) 100vw, 680px\" \/><\/p>\n<p>&nbsp;<\/p>\n<p>&nbsp;<\/p>\n","protected":false},"excerpt":{"rendered":"<p>Novo ser Dona cegonha aprontou de novo. Colocou na chamin\u00e9 de Marcela Gouv\u00eaa Sotto Maior e Rudolf Paul o robusto beb\u00ea Noah, que nasceu no Hospital Albert Sabin. Comemorando com charutos cubanos, os pais dela e agora vov\u00f4s, Jane Gouv\u00eaa Sotto Maior e M\u00e1rcio Sotto Maior. Grito de Carnaval Rainha da alegria e do parangol\u00e9, [&hellip;]<\/p>\n","protected":false},"author":96,"featured_media":132701,"comment_status":"closed","ping_status":"closed","sticky":false,"template":"","format":"standard","meta":{"footnotes":""},"categories":[264],"tags":[],"class_list":["post-132698","post","type-post","status-publish","format-standard","has-post-thumbnail","hentry","category-eduardo-gomes"],"_links":{"self":[{"href":"https:\/\/diarioregionaldigital.com.br\/index.php?rest_route=\/wp\/v2\/posts\/132698","targetHints":{"allow":["GET"]}}],"collection":[{"href":"https:\/\/diarioregionaldigital.com.br\/index.php?rest_route=\/wp\/v2\/posts"}],"about":[{"href":"https:\/\/diarioregionaldigital.com.br\/index.php?rest_route=\/wp\/v2\/types\/post"}],"author":[{"embeddable":true,"href":"https:\/\/diarioregionaldigital.com.br\/index.php?rest_route=\/wp\/v2\/users\/96"}],"replies":[{"embeddable":true,"href":"https:\/\/diarioregionaldigital.com.br\/index.php?rest_route=%2Fwp%2Fv2%2Fcomments&post=132698"}],"version-history":[{"count":0,"href":"https:\/\/diarioregionaldigital.com.br\/index.php?rest_route=\/wp\/v2\/posts\/132698\/revisions"}],"wp:featuredmedia":[{"embeddable":true,"href":"https:\/\/diarioregionaldigital.com.br\/index.php?rest_route=\/wp\/v2\/media\/132701"}],"wp:attachment":[{"href":"https:\/\/diarioregionaldigital.com.br\/index.php?rest_route=%2Fwp%2Fv2%2Fmedia&parent=132698"}],"wp:term":[{"taxonomy":"category","embeddable":true,"href":"https:\/\/diarioregionaldigital.com.br\/index.php?rest_route=%2Fwp%2Fv2%2Fcategories&post=132698"},{"taxonomy":"post_tag","embeddable":true,"href":"https:\/\/diarioregionaldigital.com.br\/index.php?rest_route=%2Fwp%2Fv2%2Ftags&post=132698"}],"curies":[{"name":"wp","href":"https:\/\/api.w.org\/{rel}","templated":true}]}}