{"id":132685,"date":"2019-01-01T06:00:48","date_gmt":"2019-01-01T08:00:48","guid":{"rendered":"https:\/\/diarioregionaldigital.com.br\/?p=132685"},"modified":"2019-01-31T18:45:31","modified_gmt":"2019-01-31T20:45:31","slug":"show-6","status":"publish","type":"post","link":"https:\/\/diarioregionaldigital.com.br\/?p=132685","title":{"rendered":"Show"},"content":{"rendered":"<p style=\"text-align: center;\"><strong>Samba de Primeira<\/strong><\/p>\n<p style=\"text-align: center;\">Depois do imenso sucesso na estreia do happy hour do restaurante Pal\u00e1cio, os m\u00fasicos do Boca Mi\u00fada se apresentam nesta 6\u00aa feira, 1\u00ba, \u00e0s 19h, com repert\u00f3rio bem ver\u00e3o e de qualidade. Couvert 10 reais.<\/p>\n<p style=\"text-align: center;\"><strong>Na Rede <\/strong><\/p>\n<p style=\"text-align: center;\">Com talento revelado na escolinha do Clube Bom Pastor, o atleta Gabriel Spinelli foi selecionado para o laborat\u00f3rio de detec\u00e7\u00e3o de talentos da Confedera\u00e7\u00e3o Brasileira de V\u00f4lei (CBC), no Rio de Janeiro. Em tempo: Gabriel passou para a categoria de base do JF V\u00f4lei, e desde 2018, treina com o elenco profissional.<\/p>\n<p style=\"text-align: center;\"><strong>Olha S\u00f3<\/strong><\/p>\n<p style=\"text-align: center;\">Tecnologias em estado de avan\u00e7o, \u00e9 capaz de identificar rostos e evitar alertas em tempo real e j\u00e1 \u00e9 aplicada em setores t\u00e3o distintos quanto a seguran\u00e7a p\u00fablica e a pecu\u00e1ria revolucionando diversos mercados. Portanto, sorria, voc\u00ea est\u00e1 sendo filmado e reconhecido.<\/p>\n<p style=\"text-align: center;\"><strong>Pisantes 2019<\/strong><\/p>\n<p style=\"text-align: center;\">Encerrou ontem, 31, no Trade Hotel, o Show Room de Cal\u00e7ados que movimentou Juiz de Fora e mostrou tamb\u00e9m tend\u00eancia para acess\u00f3rios. Em sua d\u00e9cima edi\u00e7\u00e3o, o evento voltado para lojistas do setor reuniu em 3 dias importantes marcas como Azaleia, Bottero, Moleca, Via Marte e West Coast.<\/p>\n<p style=\"text-align: center;\"><span style=\"font-size: 14pt;\"><strong>Show<\/strong><\/span><\/p>\n<p style=\"text-align: center;\">Para a 6\u00aa feira, o cantor Luismar Mendes se apresenta com show ac\u00fastico no happy hour do Clube Bom Pastor.<\/p>\n<div id=\"attachment_132651\" style=\"width: 690px\" class=\"wp-caption aligncenter\"><img loading=\"lazy\" decoding=\"async\" aria-describedby=\"caption-attachment-132651\" class=\"wp-image-132651\" src=\"https:\/\/diarioregionaldigital.com.br\/wp-content\/uploads\/2019\/01\/fotoa-8.jpg\" alt=\"\" width=\"680\" height=\"456\" srcset=\"https:\/\/diarioregionaldigital.com.br\/wp-content\/uploads\/2019\/01\/fotoa-8.jpg 1764w, https:\/\/diarioregionaldigital.com.br\/wp-content\/uploads\/2019\/01\/fotoa-8-300x201.jpg 300w, https:\/\/diarioregionaldigital.com.br\/wp-content\/uploads\/2019\/01\/fotoa-8-768x515.jpg 768w, https:\/\/diarioregionaldigital.com.br\/wp-content\/uploads\/2019\/01\/fotoa-8-1024x686.jpg 1024w, https:\/\/diarioregionaldigital.com.br\/wp-content\/uploads\/2019\/01\/fotoa-8-360x241.jpg 360w\" sizes=\"auto, (max-width: 680px) 100vw, 680px\" \/><p id=\"caption-attachment-132651\" class=\"wp-caption-text\">Fazendo social chique no Glas Parque, Cida Delmonte, Regina Gon\u00e7alves Gouv\u00eaa, Eduardo Gomes, Glorinha Moreira Dias e Maria L\u00facia Abizaid<\/p><\/div>\n<div id=\"attachment_132652\" style=\"width: 690px\" class=\"wp-caption aligncenter\"><img loading=\"lazy\" decoding=\"async\" aria-describedby=\"caption-attachment-132652\" class=\"wp-image-132652\" src=\"https:\/\/diarioregionaldigital.com.br\/wp-content\/uploads\/2019\/01\/fotoaa-6-e1548966980997.jpg\" alt=\"\" width=\"680\" height=\"478\" srcset=\"https:\/\/diarioregionaldigital.com.br\/wp-content\/uploads\/2019\/01\/fotoaa-6-e1548966980997.jpg 840w, https:\/\/diarioregionaldigital.com.br\/wp-content\/uploads\/2019\/01\/fotoaa-6-e1548966980997-300x210.jpg 300w, https:\/\/diarioregionaldigital.com.br\/wp-content\/uploads\/2019\/01\/fotoaa-6-e1548966980997-768x539.jpg 768w, https:\/\/diarioregionaldigital.com.br\/wp-content\/uploads\/2019\/01\/fotoaa-6-e1548966980997-360x253.jpg 360w, https:\/\/diarioregionaldigital.com.br\/wp-content\/uploads\/2019\/01\/fotoaa-6-e1548966980997-100x70.jpg 100w\" sizes=\"auto, (max-width: 680px) 100vw, 680px\" \/><p id=\"caption-attachment-132652\" class=\"wp-caption-text\">Comemorando a boa fase de franquias e parcerias da MultSa\u00fade, a gestora executiva Marcelle Oliveira<\/p><\/div>\n<div id=\"attachment_132654\" style=\"width: 690px\" class=\"wp-caption aligncenter\"><img loading=\"lazy\" decoding=\"async\" aria-describedby=\"caption-attachment-132654\" class=\"wp-image-132654\" src=\"https:\/\/diarioregionaldigital.com.br\/wp-content\/uploads\/2019\/01\/fotoc-8-e1548967007322.jpg\" alt=\"\" width=\"680\" height=\"485\" srcset=\"https:\/\/diarioregionaldigital.com.br\/wp-content\/uploads\/2019\/01\/fotoc-8-e1548967007322.jpg 1143w, https:\/\/diarioregionaldigital.com.br\/wp-content\/uploads\/2019\/01\/fotoc-8-e1548967007322-300x214.jpg 300w, https:\/\/diarioregionaldigital.com.br\/wp-content\/uploads\/2019\/01\/fotoc-8-e1548967007322-768x548.jpg 768w, https:\/\/diarioregionaldigital.com.br\/wp-content\/uploads\/2019\/01\/fotoc-8-e1548967007322-1024x730.jpg 1024w, https:\/\/diarioregionaldigital.com.br\/wp-content\/uploads\/2019\/01\/fotoc-8-e1548967007322-360x257.jpg 360w, https:\/\/diarioregionaldigital.com.br\/wp-content\/uploads\/2019\/01\/fotoc-8-e1548967007322-100x70.jpg 100w\" sizes=\"auto, (max-width: 680px) 100vw, 680px\" \/><p id=\"caption-attachment-132654\" class=\"wp-caption-text\">Mulheres empoderadas no Glas Parque, Cristina Mendes e Fernanda Falabella<\/p><\/div>\n<div id=\"attachment_132655\" style=\"width: 690px\" class=\"wp-caption aligncenter\"><img loading=\"lazy\" decoding=\"async\" aria-describedby=\"caption-attachment-132655\" class=\"wp-image-132655\" src=\"https:\/\/diarioregionaldigital.com.br\/wp-content\/uploads\/2019\/01\/fotod-8.jpg\" alt=\"\" width=\"680\" height=\"453\" srcset=\"https:\/\/diarioregionaldigital.com.br\/wp-content\/uploads\/2019\/01\/fotod-8.jpg 1764w, https:\/\/diarioregionaldigital.com.br\/wp-content\/uploads\/2019\/01\/fotod-8-300x200.jpg 300w, https:\/\/diarioregionaldigital.com.br\/wp-content\/uploads\/2019\/01\/fotod-8-768x512.jpg 768w, https:\/\/diarioregionaldigital.com.br\/wp-content\/uploads\/2019\/01\/fotod-8-1024x683.jpg 1024w, https:\/\/diarioregionaldigital.com.br\/wp-content\/uploads\/2019\/01\/fotod-8-360x240.jpg 360w\" sizes=\"auto, (max-width: 680px) 100vw, 680px\" \/><p id=\"caption-attachment-132655\" class=\"wp-caption-text\">Na reabertura do Museu Marmelos Zero, Br\u00e1ulio Guimar\u00e3es Ferreira (Cemig), Rafaela Savino Peters e Rosana Fl\u00e1via Mendon\u00e7a<\/p><\/div>\n<div id=\"attachment_132656\" style=\"width: 690px\" class=\"wp-caption aligncenter\"><img loading=\"lazy\" decoding=\"async\" aria-describedby=\"caption-attachment-132656\" class=\"wp-image-132656\" src=\"https:\/\/diarioregionaldigital.com.br\/wp-content\/uploads\/2019\/01\/fotoe-9-e1548967034654.jpg\" alt=\"\" width=\"680\" height=\"478\" srcset=\"https:\/\/diarioregionaldigital.com.br\/wp-content\/uploads\/2019\/01\/fotoe-9-e1548967034654.jpg 1570w, https:\/\/diarioregionaldigital.com.br\/wp-content\/uploads\/2019\/01\/fotoe-9-e1548967034654-300x210.jpg 300w, https:\/\/diarioregionaldigital.com.br\/wp-content\/uploads\/2019\/01\/fotoe-9-e1548967034654-768x540.jpg 768w, https:\/\/diarioregionaldigital.com.br\/wp-content\/uploads\/2019\/01\/fotoe-9-e1548967034654-1024x720.jpg 1024w, https:\/\/diarioregionaldigital.com.br\/wp-content\/uploads\/2019\/01\/fotoe-9-e1548967034654-360x253.jpg 360w, https:\/\/diarioregionaldigital.com.br\/wp-content\/uploads\/2019\/01\/fotoe-9-e1548967034654-100x70.jpg 100w\" sizes=\"auto, (max-width: 680px) 100vw, 680px\" \/><p id=\"caption-attachment-132656\" class=\"wp-caption-text\">No Rio de Janeiro a elegante M\u00e1rcia Marques com os filhos F\u00e1bio e Vin\u00edcius Marques<\/p><\/div>\n<div id=\"attachment_132657\" style=\"width: 690px\" class=\"wp-caption aligncenter\"><img loading=\"lazy\" decoding=\"async\" aria-describedby=\"caption-attachment-132657\" class=\"wp-image-132657\" src=\"https:\/\/diarioregionaldigital.com.br\/wp-content\/uploads\/2019\/01\/fotof-9-e1548967061532.jpg\" alt=\"\" width=\"680\" height=\"473\" srcset=\"https:\/\/diarioregionaldigital.com.br\/wp-content\/uploads\/2019\/01\/fotof-9-e1548967061532.jpg 1093w, https:\/\/diarioregionaldigital.com.br\/wp-content\/uploads\/2019\/01\/fotof-9-e1548967061532-300x210.jpg 300w, https:\/\/diarioregionaldigital.com.br\/wp-content\/uploads\/2019\/01\/fotof-9-e1548967061532-768x535.jpg 768w, https:\/\/diarioregionaldigital.com.br\/wp-content\/uploads\/2019\/01\/fotof-9-e1548967061532-1024x713.jpg 1024w, https:\/\/diarioregionaldigital.com.br\/wp-content\/uploads\/2019\/01\/fotof-9-e1548967061532-360x251.jpg 360w, https:\/\/diarioregionaldigital.com.br\/wp-content\/uploads\/2019\/01\/fotof-9-e1548967061532-100x70.jpg 100w\" sizes=\"auto, (max-width: 680px) 100vw, 680px\" \/><p id=\"caption-attachment-132657\" class=\"wp-caption-text\">No Glas Parque a eleg\u00e2ncia dos Mansur, Cristina, Leonora e Jo\u00e3o<\/p><\/div>\n<div id=\"attachment_132658\" style=\"width: 690px\" class=\"wp-caption aligncenter\"><img loading=\"lazy\" decoding=\"async\" aria-describedby=\"caption-attachment-132658\" class=\"wp-image-132658\" src=\"https:\/\/diarioregionaldigital.com.br\/wp-content\/uploads\/2019\/01\/fotog-10-e1548967088471.jpg\" alt=\"\" width=\"680\" height=\"518\" srcset=\"https:\/\/diarioregionaldigital.com.br\/wp-content\/uploads\/2019\/01\/fotog-10-e1548967088471.jpg 853w, https:\/\/diarioregionaldigital.com.br\/wp-content\/uploads\/2019\/01\/fotog-10-e1548967088471-300x229.jpg 300w, https:\/\/diarioregionaldigital.com.br\/wp-content\/uploads\/2019\/01\/fotog-10-e1548967088471-768x585.jpg 768w, https:\/\/diarioregionaldigital.com.br\/wp-content\/uploads\/2019\/01\/fotog-10-e1548967088471-360x274.jpg 360w\" sizes=\"auto, (max-width: 680px) 100vw, 680px\" \/><p id=\"caption-attachment-132658\" class=\"wp-caption-text\">Curtindo o ver\u00e3o em JF, o bonito Renan Teixeira<\/p><\/div>\n<div id=\"attachment_132659\" style=\"width: 690px\" class=\"wp-caption aligncenter\"><img loading=\"lazy\" decoding=\"async\" aria-describedby=\"caption-attachment-132659\" class=\"wp-image-132659\" src=\"https:\/\/diarioregionaldigital.com.br\/wp-content\/uploads\/2019\/01\/fotoh-9-e1548967116407.jpg\" alt=\"\" width=\"680\" height=\"560\" srcset=\"https:\/\/diarioregionaldigital.com.br\/wp-content\/uploads\/2019\/01\/fotoh-9-e1548967116407.jpg 1181w, https:\/\/diarioregionaldigital.com.br\/wp-content\/uploads\/2019\/01\/fotoh-9-e1548967116407-300x247.jpg 300w, https:\/\/diarioregionaldigital.com.br\/wp-content\/uploads\/2019\/01\/fotoh-9-e1548967116407-768x632.jpg 768w, https:\/\/diarioregionaldigital.com.br\/wp-content\/uploads\/2019\/01\/fotoh-9-e1548967116407-1024x843.jpg 1024w, https:\/\/diarioregionaldigital.com.br\/wp-content\/uploads\/2019\/01\/fotoh-9-e1548967116407-220x180.jpg 220w, https:\/\/diarioregionaldigital.com.br\/wp-content\/uploads\/2019\/01\/fotoh-9-e1548967116407-360x296.jpg 360w\" sizes=\"auto, (max-width: 680px) 100vw, 680px\" \/><p id=\"caption-attachment-132659\" class=\"wp-caption-text\">Tain\u00e3 Vianella um dos favoritos ao t\u00edtulo de Mr.Juiz de Fora 2019<\/p><\/div>\n<p><img loading=\"lazy\" decoding=\"async\" class=\"aligncenter wp-image-132248\" src=\"https:\/\/diarioregionaldigital.com.br\/wp-content\/uploads\/2019\/01\/anuncio-viva-ver\u00e3o.jpg\" alt=\"\" width=\"680\" height=\"592\" srcset=\"https:\/\/diarioregionaldigital.com.br\/wp-content\/uploads\/2019\/01\/anuncio-viva-ver\u00e3o.jpg 3446w, https:\/\/diarioregionaldigital.com.br\/wp-content\/uploads\/2019\/01\/anuncio-viva-ver\u00e3o-300x261.jpg 300w, https:\/\/diarioregionaldigital.com.br\/wp-content\/uploads\/2019\/01\/anuncio-viva-ver\u00e3o-768x668.jpg 768w, https:\/\/diarioregionaldigital.com.br\/wp-content\/uploads\/2019\/01\/anuncio-viva-ver\u00e3o-1024x891.jpg 1024w, https:\/\/diarioregionaldigital.com.br\/wp-content\/uploads\/2019\/01\/anuncio-viva-ver\u00e3o-360x313.jpg 360w\" sizes=\"auto, (max-width: 680px) 100vw, 680px\" \/><\/p>\n<p>&nbsp;<\/p>\n","protected":false},"excerpt":{"rendered":"<p>Samba de Primeira Depois do imenso sucesso na estreia do happy hour do restaurante Pal\u00e1cio, os m\u00fasicos do Boca Mi\u00fada se apresentam nesta 6\u00aa feira, 1\u00ba, \u00e0s 19h, com repert\u00f3rio bem ver\u00e3o e de qualidade. Couvert 10 reais. Na Rede Com talento revelado na escolinha do Clube Bom Pastor, o atleta Gabriel Spinelli foi selecionado [&hellip;]<\/p>\n","protected":false},"author":96,"featured_media":132651,"comment_status":"closed","ping_status":"closed","sticky":false,"template":"","format":"standard","meta":{"footnotes":""},"categories":[264],"tags":[],"class_list":["post-132685","post","type-post","status-publish","format-standard","has-post-thumbnail","hentry","category-eduardo-gomes"],"_links":{"self":[{"href":"https:\/\/diarioregionaldigital.com.br\/index.php?rest_route=\/wp\/v2\/posts\/132685","targetHints":{"allow":["GET"]}}],"collection":[{"href":"https:\/\/diarioregionaldigital.com.br\/index.php?rest_route=\/wp\/v2\/posts"}],"about":[{"href":"https:\/\/diarioregionaldigital.com.br\/index.php?rest_route=\/wp\/v2\/types\/post"}],"author":[{"embeddable":true,"href":"https:\/\/diarioregionaldigital.com.br\/index.php?rest_route=\/wp\/v2\/users\/96"}],"replies":[{"embeddable":true,"href":"https:\/\/diarioregionaldigital.com.br\/index.php?rest_route=%2Fwp%2Fv2%2Fcomments&post=132685"}],"version-history":[{"count":0,"href":"https:\/\/diarioregionaldigital.com.br\/index.php?rest_route=\/wp\/v2\/posts\/132685\/revisions"}],"wp:featuredmedia":[{"embeddable":true,"href":"https:\/\/diarioregionaldigital.com.br\/index.php?rest_route=\/wp\/v2\/media\/132651"}],"wp:attachment":[{"href":"https:\/\/diarioregionaldigital.com.br\/index.php?rest_route=%2Fwp%2Fv2%2Fmedia&parent=132685"}],"wp:term":[{"taxonomy":"category","embeddable":true,"href":"https:\/\/diarioregionaldigital.com.br\/index.php?rest_route=%2Fwp%2Fv2%2Fcategories&post=132685"},{"taxonomy":"post_tag","embeddable":true,"href":"https:\/\/diarioregionaldigital.com.br\/index.php?rest_route=%2Fwp%2Fv2%2Ftags&post=132685"}],"curies":[{"name":"wp","href":"https:\/\/api.w.org\/{rel}","templated":true}]}}