{"id":132647,"date":"2019-01-31T16:21:43","date_gmt":"2019-01-31T18:21:43","guid":{"rendered":"https:\/\/diarioregionaldigital.com.br\/?p=132647"},"modified":"2019-01-31T16:21:43","modified_gmt":"2019-01-31T18:21:43","slug":"consumo-de-energia-fecha-2018-com-aumento-de-11","status":"publish","type":"post","link":"https:\/\/diarioregionaldigital.com.br\/?p=132647","title":{"rendered":"Consumo de energia fecha 2018 com aumento de 1,1%"},"content":{"rendered":"<p>O\u00a0consumo de energia el\u00e9trica no pa\u00eds aumentou 1,1% no ano passado, totalizando 467.161 gigawatts\/hora (GWh). Os dados fazem parte da Resenha Mensal \u2013 Consumo de Energia El\u00e9trica, de dezembro, divulgada na quinta-feira, 31, pela Empresa de Pesquisa Energ\u00e9tica (EPE).<\/p>\n<p>Segundo a resenha, em dezembro, a demanda nacional de energia el\u00e9trica ao Sistema Interligado Nacional (SIN) foi de 39.771 Gwh, com crescimento de 0,5% em rela\u00e7\u00e3o ao mesmo m\u00eas de 2017. De acordo com a resenha, em dezembro, o consumo de energia el\u00e9trica aumentou em tr\u00eas das cinco regi\u00f5es do pa\u00eds, com destaque para o Centro-Oeste, que teve crescimento de 4,8% em rela\u00e7\u00e3o a novembro. Na Regi\u00e3o Sul, a alta foi de 2,2% e, no Sudeste, de 1,3%.<\/p>\n<p>Em contrapartida, fecharam dezembro com queda na demanda \u00e0 rede as regi\u00f5es Norte, com menos 10,8%, e Nordeste, com menos 0,5% na compara\u00e7\u00e3o com novembro.<\/p>\n<p>J\u00e1 para o crescimento acumulado de 1,1% ao longo de 2018, houve expans\u00e3o em quatro das cinco regi\u00f5es na compara\u00e7\u00e3o com 2017. O Centro-Oeste foi a regi\u00e3o que registrou a maior alta no consumo (2,3%), seguido pelo Sul (1,7%), Sudeste (1,6%) e Nordeste (1,5%).<\/p>\n<p>A Regi\u00e3o Norte fechou o ano com queda acumulada de energia demandada \u00e0 rede da ordem de 5,8%.<\/p>\n<p>De acordo a EPE, empresa respons\u00e1vel pelo planejamento energ\u00e9tico do pa\u00eds, o consumo cativo de energia el\u00e9trica nacional caiu 1,2% em dezembro e de 1,3% ao longo do ano passado. \u201cA migra\u00e7\u00e3o de consumidores desse mercado favoreceu o aumento do consumo livre, que foi de +4,0% no m\u00eas e +6,3% no ano&#8221;, diz a empresa.<\/p>\n<p><strong>Consumo por Classe<\/strong><\/p>\n<p>Os dados da EPE indicam que entre 2017 e 2018 a demanda por energia ao Sistema Interligado Nacional (SIN) cresceu em todas as classes, com destaque para dois dos tr\u00eas setores, que registraram expans\u00e3o acima do acumulado nacional de 1,1%. A ind\u00fastria fechou o ano com o maior aumento de consumo: 1,3%; seguida do consumo residencial, com 1,2%, e do consumo comercial, com mais 0,6%, em rela\u00e7\u00e3o a 2017. A classe Outros fechou o ano com crescimento de 1%.<\/p>\n<p>De novembro para dezembro do ano passado, o consumo comercial cresceu 1%, e o residencial, 0,7%. Nesse per\u00edodo, o consumo da classe industrial fechou negativo em 0,9%. A classe outros expandiu 2,6%.<\/p>\n<p><strong>Avalia\u00e7\u00f5es<\/strong><\/p>\n<p>Ao avaliar o comportamento do mercado de energia el\u00e9trica do pa\u00eds no ano passado, a EPE ressaltou o fato de que a t\u00f4nica ao longo do ano do ponto de vista econ\u00f4mico foi \u201co quadro de lenta recupera\u00e7\u00e3o no mercado de trabalho, ao qual se atribui a principal influ\u00eancia para o crescimento de 1,2% do consumo residencial em 2018\u201d.<\/p>\n<p>A empresa lembra que, de acordo com o Intituto Brasileiro de Geografia e Estat\u00edstica IBGE), a massa de rendimento real associado ao trabalho permaneceu sem varia\u00e7\u00e3o significativa na maior parte do per\u00edodo, \u201crefletindo a renda menor, em geral, obtida na informalidade (emprego sem carteira e trabalho por conta pr\u00f3pria, sem CNPJ, que \u00e9 o Cadastro Nacional de Pessoa Jur\u00eddica), segmento que liderou no ano o aumento da ocupa\u00e7\u00e3o no pa\u00eds\u201d.<\/p>\n<p>Em paralelo a esse movimento, a EPE ressalta ainda que, no mercado de trabalho, as fam\u00edlias foram ajustando o or\u00e7amento dom\u00e9stico, pondo as contas em dia e reduzindo o endividamento. \u201cEsse al\u00edvio, contudo, n\u00e3o as fez deixar de lado a cautela, como mostram as pesquisas de confian\u00e7a do consumidor, que avan\u00e7ou muito mais em fun\u00e7\u00e3o das expectativas do que da avalia\u00e7\u00e3o positiva da situa\u00e7\u00e3o atual.\u201d<\/p>\n<p>Fonte: Ag\u00eancia Brasil<\/p>\n","protected":false},"excerpt":{"rendered":"<p>O\u00a0consumo de energia el\u00e9trica no pa\u00eds aumentou 1,1% no ano passado, totalizando 467.161 gigawatts\/hora (GWh). Os dados fazem parte da Resenha Mensal \u2013 Consumo de Energia El\u00e9trica, de dezembro, divulgada na quinta-feira, 31, pela Empresa de Pesquisa Energ\u00e9tica (EPE). Segundo a resenha, em dezembro, a demanda nacional de energia el\u00e9trica ao Sistema Interligado Nacional (SIN) [&hellip;]<\/p>\n","protected":false},"author":96,"featured_media":132649,"comment_status":"closed","ping_status":"closed","sticky":false,"template":"","format":"standard","meta":{"footnotes":""},"categories":[436,261,439],"tags":[],"class_list":["post-132647","post","type-post","status-publish","format-standard","has-post-thumbnail","hentry","category-destaque-da-semana","category-economia","category-ultima-hora"],"_links":{"self":[{"href":"https:\/\/diarioregionaldigital.com.br\/index.php?rest_route=\/wp\/v2\/posts\/132647","targetHints":{"allow":["GET"]}}],"collection":[{"href":"https:\/\/diarioregionaldigital.com.br\/index.php?rest_route=\/wp\/v2\/posts"}],"about":[{"href":"https:\/\/diarioregionaldigital.com.br\/index.php?rest_route=\/wp\/v2\/types\/post"}],"author":[{"embeddable":true,"href":"https:\/\/diarioregionaldigital.com.br\/index.php?rest_route=\/wp\/v2\/users\/96"}],"replies":[{"embeddable":true,"href":"https:\/\/diarioregionaldigital.com.br\/index.php?rest_route=%2Fwp%2Fv2%2Fcomments&post=132647"}],"version-history":[{"count":0,"href":"https:\/\/diarioregionaldigital.com.br\/index.php?rest_route=\/wp\/v2\/posts\/132647\/revisions"}],"wp:featuredmedia":[{"embeddable":true,"href":"https:\/\/diarioregionaldigital.com.br\/index.php?rest_route=\/wp\/v2\/media\/132649"}],"wp:attachment":[{"href":"https:\/\/diarioregionaldigital.com.br\/index.php?rest_route=%2Fwp%2Fv2%2Fmedia&parent=132647"}],"wp:term":[{"taxonomy":"category","embeddable":true,"href":"https:\/\/diarioregionaldigital.com.br\/index.php?rest_route=%2Fwp%2Fv2%2Fcategories&post=132647"},{"taxonomy":"post_tag","embeddable":true,"href":"https:\/\/diarioregionaldigital.com.br\/index.php?rest_route=%2Fwp%2Fv2%2Ftags&post=132647"}],"curies":[{"name":"wp","href":"https:\/\/api.w.org\/{rel}","templated":true}]}}