{"id":132644,"date":"2019-01-31T16:19:51","date_gmt":"2019-01-31T18:19:51","guid":{"rendered":"https:\/\/diarioregionaldigital.com.br\/?p=132644"},"modified":"2019-01-31T16:20:26","modified_gmt":"2019-01-31T18:20:26","slug":"desemprego-fica-em-116-em-dezembro-com-122-milhoes-de-desocupados","status":"publish","type":"post","link":"https:\/\/diarioregionaldigital.com.br\/?p=132644","title":{"rendered":"Desemprego fica em 11,6% em dezembro, com 12,2 milh\u00f5es de desocupados"},"content":{"rendered":"<p>A taxa m\u00e9dia de desemprego do pa\u00eds fechou o trimestre m\u00f3vel encerrado em dezembro de 2018 em 11,6% \u2013 queda de 0,3 ponto percentual em rela\u00e7\u00e3o ao trimestre julho a setembro (11,9%). Os dados fazem parte da Pesquisa Nacional por Amostra de Domic\u00edlios Cont\u00ednua (Pnad Cont\u00ednua), divulgada pelo Instituto Brasileiro de Geografia e Estat\u00edstica (IBGE).<\/p>\n<p>Em rela\u00e7\u00e3o ao mesmo trimestre de 2017, quando a taxa m\u00e9dia fechou o trimestre em 11,8%, o quadro \u00e9 de estabilidade, embora a taxa media anual tenha recuado 0,4 ponto percentual, passando de 12,7%, em 2017, para 12,3% em 2018.<\/p>\n<p>A popula\u00e7\u00e3o desocupada fechou o trimestre encerrado em dezembro em 12,2 milh\u00f5es de pessoas, caindo 2,4% (menos 297 mil pessoas) em rela\u00e7\u00e3o ao trimestre de julho a setembro de 2018. No confronto com igual trimestre de 2017, houve estabilidade.<\/p>\n<p>Os dados da Pnad Cont\u00ednua indicam que entre 2014 e 2018, o contingente m\u00e9dio de desempregados passou de 6,7 para 12,8 milh\u00f5es, um aumento de mais 6,1 milh\u00f5es de pessoas, quase dobrando entre os dois per\u00edodos ao crescer 90,3%.<\/p>\n<p>A popula\u00e7\u00e3o ocupada aumentou fechou dezembro em 93,0 milh\u00f5es, um crescimento de 0,4%, mais 381 mil pessoas em rela\u00e7\u00e3o ao trimestre de julho a setembro de 2018 e 1,0% (894 mil pessoas) em rela\u00e7\u00e3o a igual trimestre de 2017. Ao longo de todo o ano passado a taxa m\u00e9dia de ocupa\u00e7\u00e3o cresceu 1,3%, em rela\u00e7\u00e3o a 2017, ao passar de 90,6 milh\u00f5es para 91,9 milh\u00f5es de pessoas ocupadas.<\/p>\n<p><strong>Subutiliza\u00e7\u00e3o<\/strong><\/p>\n<p>Tamb\u00e9m houve queda de 0,3% na taxa de subtiliza\u00e7\u00e3o da for\u00e7a de trabalho, que fechou dezembro em 23,9% em rela\u00e7\u00e3o ao trimestre anterior, quando ela estava em 24,2%.<\/p>\n<p>A popula\u00e7\u00e3o subutilizada em dezembro era de 27 milh\u00f5es de pessoas. Embora est\u00e1vel em rela\u00e7\u00e3o ao trimestre julho-setembro, em rela\u00e7\u00e3o ao mesmo trimestre de 2017 houve um acr\u00e9scimo de 2,1%, mais 560 mil pessoas nesta categoria de subutiliza\u00e7\u00e3o.<\/p>\n<p>Os dados da Pnad cont\u00ednua indicam que a taxa m\u00e9dia anual de subutiliza\u00e7\u00e3o cresceu 76,8% entre 2014 e 2018, o equivalente a mais 11,9 milh\u00f5es de pessoas, com a m\u00e9dia anual de subutilizados passando de 15,5 milh\u00f5es em 2014 para 27,4 milh\u00f5es em 2018.<\/p>\n<p>J\u00e1 o n\u00famero de pessoas desalentadas ficou est\u00e1vel no trimestre encerrado em dezembro em rela\u00e7\u00e3o ao imediatamente anterior em 4,7 milh\u00f5es de pessoas. Frente ao mesmo trimestre de 2017, no entanto, percentualmente, a taxa subiu 8,1%, mais 355 mil pessoas.<\/p>\n<p>De 2014 para 2018, a m\u00e9dia anual dos trabalhadores enquadrados na categoria dos desalentados chegou a crescer 209,1%: de 1,9 milh\u00e3o em 2014 para 4,7 milh\u00f5es em 2018, mais 3,2 milh\u00f5es de trabalhadores.<\/p>\n<p>&nbsp;<\/p>\n<p>Fonte: Ag\u00eancia Brasil<\/p>\n","protected":false},"excerpt":{"rendered":"<p>A taxa m\u00e9dia de desemprego do pa\u00eds fechou o trimestre m\u00f3vel encerrado em dezembro de 2018 em 11,6% \u2013 queda de 0,3 ponto percentual em rela\u00e7\u00e3o ao trimestre julho a setembro (11,9%). Os dados fazem parte da Pesquisa Nacional por Amostra de Domic\u00edlios Cont\u00ednua (Pnad Cont\u00ednua), divulgada pelo Instituto Brasileiro de Geografia e Estat\u00edstica (IBGE). [&hellip;]<\/p>\n","protected":false},"author":96,"featured_media":132645,"comment_status":"closed","ping_status":"closed","sticky":false,"template":"","format":"standard","meta":{"footnotes":""},"categories":[436,261,439],"tags":[],"class_list":["post-132644","post","type-post","status-publish","format-standard","has-post-thumbnail","hentry","category-destaque-da-semana","category-economia","category-ultima-hora"],"_links":{"self":[{"href":"https:\/\/diarioregionaldigital.com.br\/index.php?rest_route=\/wp\/v2\/posts\/132644","targetHints":{"allow":["GET"]}}],"collection":[{"href":"https:\/\/diarioregionaldigital.com.br\/index.php?rest_route=\/wp\/v2\/posts"}],"about":[{"href":"https:\/\/diarioregionaldigital.com.br\/index.php?rest_route=\/wp\/v2\/types\/post"}],"author":[{"embeddable":true,"href":"https:\/\/diarioregionaldigital.com.br\/index.php?rest_route=\/wp\/v2\/users\/96"}],"replies":[{"embeddable":true,"href":"https:\/\/diarioregionaldigital.com.br\/index.php?rest_route=%2Fwp%2Fv2%2Fcomments&post=132644"}],"version-history":[{"count":0,"href":"https:\/\/diarioregionaldigital.com.br\/index.php?rest_route=\/wp\/v2\/posts\/132644\/revisions"}],"wp:featuredmedia":[{"embeddable":true,"href":"https:\/\/diarioregionaldigital.com.br\/index.php?rest_route=\/wp\/v2\/media\/132645"}],"wp:attachment":[{"href":"https:\/\/diarioregionaldigital.com.br\/index.php?rest_route=%2Fwp%2Fv2%2Fmedia&parent=132644"}],"wp:term":[{"taxonomy":"category","embeddable":true,"href":"https:\/\/diarioregionaldigital.com.br\/index.php?rest_route=%2Fwp%2Fv2%2Fcategories&post=132644"},{"taxonomy":"post_tag","embeddable":true,"href":"https:\/\/diarioregionaldigital.com.br\/index.php?rest_route=%2Fwp%2Fv2%2Ftags&post=132644"}],"curies":[{"name":"wp","href":"https:\/\/api.w.org\/{rel}","templated":true}]}}