{"id":132639,"date":"2019-01-31T16:04:08","date_gmt":"2019-01-31T18:04:08","guid":{"rendered":"https:\/\/diarioregionaldigital.com.br\/?p=132639"},"modified":"2019-01-31T16:04:08","modified_gmt":"2019-01-31T18:04:08","slug":"brasil-pode-adotar-pequenas-sancoes-a-venezuela-diz-mourao","status":"publish","type":"post","link":"https:\/\/diarioregionaldigital.com.br\/?p=132639","title":{"rendered":"Brasil pode adotar \u201cpequenas san\u00e7\u00f5es\u201d \u00e0 Venezuela, diz Mour\u00e3o"},"content":{"rendered":"<p>O vice-presidente Hamilton Mour\u00e3o disse hoje, 31, que o Brasil pode adotar \u201cpequenas san\u00e7\u00f5es\u201d para aumentar a press\u00e3o para que sejam adotadas medidas sobre o agravamento da crise na Venezuela. Ele reiterou que o Brasil n\u00e3o vai intervir na pol\u00edtica interna do vizinho. Segundo ele, a possibilidade de bloqueio de bens de autoridades venezuelanas no Brasil \u201c\u00e9 uma solu\u00e7\u00e3o que pode ser aventada\u201d.<\/p>\n<p>\u201cPodemos adotar essas pequenas san\u00e7\u00f5es, mas n\u00e3o vamos cruzar uma linha que a gente sabe como come\u00e7a, mas n\u00e3o sabe onde termina\u201d, afirmou, ao destacar a posi\u00e7\u00e3o do ministro das Rela\u00e7\u00f5es Exteriores, Ernesto Ara\u00fajo.<\/p>\n<p>Mour\u00e3o acredita\u00a0que a solu\u00e7\u00e3o para a crise venezuelana est\u00e1 pr\u00f3xima. De acordo com ele, a indica\u00e7\u00e3o do desfecho \u00e9 a decis\u00e3o de hoje da Uni\u00e3o Europeia que reconheceu o deputado federal Juan Guaid\u00f3 como presidente leg\u00edtimo da Venezuela e recomendou aos pa\u00edses da regi\u00e3o seguirem o mesmo sentido.<\/p>\n<p>Para o vice-presidente, a quest\u00e3o venezuelana s\u00f3 ser\u00e1 resolvida quando \u201cas For\u00e7as Aramadas venezuelanas se derem conta de que n\u00e3o d\u00e1 para continuar da forma como est\u00e1\u201d.<\/p>\n<p>\u201cAcho que est\u00e1 chegando [o fim do impasse]. As press\u00f5es est\u00e3o cada vez maiores e o pa\u00eds est\u00e1 fechado em si mesmo. Acho que entenderam que chegaram a esse limite. N\u00f3s, militares, em todos os lugares do mundo, a gente entende que tem um limite ate onde a gente pode ir\u201d, afirmou.<\/p>\n<p>O vice-presidente da Rep\u00fablica voltou a lamentar a repres\u00e1lia a jornalistas estrangeiros que atuam na regi\u00e3o e lembrou os profissionais que foram recentemente presos por agentes que apoiam o presidente venezuelano, Nicol\u00e1s Maduro. Ontem, 30, dois jornalistas chilenos foram detidos enquanto faziam a cobertura de um protesto contra Maduro. \u201cA liberdade de imprensa na Venezuela j\u00e1 foi banida h\u00e1 um tempo\u201d, disse Mour\u00e3o.<\/p>\n<h2>Comiss\u00f5es bilaterais<\/h2>\n<p>Ao deixar o gabinete no Anexo 2, do Pal\u00e1cio do Planalto, Mour\u00e3o ainda anunciou a retomada das atividades de comiss\u00f5es bilaterais como a do Brasil com China e R\u00fassia. Ainda neste semestre, Mour\u00e3o pretende visitar o territ\u00f3rio chin\u00eas para o primeiro encontro desde que a Comiss\u00e3o Sino-Brasileira de Alto N\u00edvel (Cosban) foi suspensa.<\/p>\n<p>\u201cEst\u00e1 parada porque, por legisla\u00e7\u00e3o, o vice-presidente \u00e9 quem conduz esse trabalho. Como o presidente [Michel] Temer passou a ser presidente e n\u00e3o tinha vice, [ficou suspenso]\u201d, explicou.<\/p>\n<p>As conversas com a R\u00fassia ser\u00e3o retomadas no segundo semestre e, segundo Mour\u00e3o, o encontro ser\u00e1 em territ\u00f3rio brasileiro. As datas ainda ser\u00e3o acertadas com o presidente Jair Bolsonaro.<\/p>\n<p>A agenda internacional dominou a manh\u00e3 de hoje, 31, em seu gabinete. O vice-presidente recebeu a chefe da delega\u00e7\u00e3o da Uni\u00e3o Europ\u00e9ia, Cl\u00e1udia Gintersdorfer, e, em seguida, o embaixador do Canad\u00e1, Riccardo Savone.<\/p>\n<p>Fonte: Ag\u00eancia Brasil<\/p>\n","protected":false},"excerpt":{"rendered":"<p>O vice-presidente Hamilton Mour\u00e3o disse hoje, 31, que o Brasil pode adotar \u201cpequenas san\u00e7\u00f5es\u201d para aumentar a press\u00e3o para que sejam adotadas medidas sobre o agravamento da crise na Venezuela. Ele reiterou que o Brasil n\u00e3o vai intervir na pol\u00edtica interna do vizinho. Segundo ele, a possibilidade de bloqueio de bens de autoridades venezuelanas no [&hellip;]<\/p>\n","protected":false},"author":96,"featured_media":132641,"comment_status":"closed","ping_status":"closed","sticky":false,"template":"","format":"standard","meta":{"footnotes":""},"categories":[436,254,439],"tags":[],"class_list":["post-132639","post","type-post","status-publish","format-standard","has-post-thumbnail","hentry","category-destaque-da-semana","category-politica","category-ultima-hora"],"_links":{"self":[{"href":"https:\/\/diarioregionaldigital.com.br\/index.php?rest_route=\/wp\/v2\/posts\/132639","targetHints":{"allow":["GET"]}}],"collection":[{"href":"https:\/\/diarioregionaldigital.com.br\/index.php?rest_route=\/wp\/v2\/posts"}],"about":[{"href":"https:\/\/diarioregionaldigital.com.br\/index.php?rest_route=\/wp\/v2\/types\/post"}],"author":[{"embeddable":true,"href":"https:\/\/diarioregionaldigital.com.br\/index.php?rest_route=\/wp\/v2\/users\/96"}],"replies":[{"embeddable":true,"href":"https:\/\/diarioregionaldigital.com.br\/index.php?rest_route=%2Fwp%2Fv2%2Fcomments&post=132639"}],"version-history":[{"count":0,"href":"https:\/\/diarioregionaldigital.com.br\/index.php?rest_route=\/wp\/v2\/posts\/132639\/revisions"}],"wp:featuredmedia":[{"embeddable":true,"href":"https:\/\/diarioregionaldigital.com.br\/index.php?rest_route=\/wp\/v2\/media\/132641"}],"wp:attachment":[{"href":"https:\/\/diarioregionaldigital.com.br\/index.php?rest_route=%2Fwp%2Fv2%2Fmedia&parent=132639"}],"wp:term":[{"taxonomy":"category","embeddable":true,"href":"https:\/\/diarioregionaldigital.com.br\/index.php?rest_route=%2Fwp%2Fv2%2Fcategories&post=132639"},{"taxonomy":"post_tag","embeddable":true,"href":"https:\/\/diarioregionaldigital.com.br\/index.php?rest_route=%2Fwp%2Fv2%2Ftags&post=132639"}],"curies":[{"name":"wp","href":"https:\/\/api.w.org\/{rel}","templated":true}]}}