{"id":132628,"date":"2019-01-31T15:38:02","date_gmt":"2019-01-31T17:38:02","guid":{"rendered":"https:\/\/diarioregionaldigital.com.br\/?p=132628"},"modified":"2019-01-31T15:38:02","modified_gmt":"2019-01-31T17:38:02","slug":"inscricoes-para-o-cartao-passe-facil-estudantecomecam-nesta-segunda-feira","status":"publish","type":"post","link":"https:\/\/diarioregionaldigital.com.br\/?p=132628","title":{"rendered":"Inscri\u00e7\u00f5es para o \u201cCart\u00e3o Passe F\u00e1cil Estudante\u201dcome\u00e7am nesta segunda-feira"},"content":{"rendered":"<p>A Secretaria de Educa\u00e7\u00e3o (SE) da Prefeitura de Juiz de Fora (PJF) abre inscri\u00e7\u00f5es para o programa municipal \u201cCart\u00e3o Passe F\u00e1cil Estudante\u201d na segunda-feira, 4. O benef\u00edcio, oferecido em parceria com a Secretaria de Transporte e Tr\u00e2nsito (Settra), concede ao aluno da rede municipal de ensino gratuidade nos \u00f4nibus urbanos. O cadastramento poder\u00e1 ser feito at\u00e9 o dia 29 de mar\u00e7o.<\/p>\n<p>O aluno interessado em obter o benef\u00edcio dever\u00e1 estar matriculado em institui\u00e7\u00e3o de ensino para assegurar o aux\u00edlio, residir a mais de um quil\u00f4metro da escola e ter renda familiar de at\u00e9 dois sal\u00e1rios m\u00ednimos, al\u00e9m de seguir outros crit\u00e9rios, estabelecidos <a href=\"https:\/\/www.pjf.mg.gov.br\/e_atos\/e_atos_vis.php?id=66534\">no edital<\/a>.<\/p>\n<p>O primeiro passo para requerer o \u201cCart\u00e3o Passe F\u00e1cil\u201d \u00e9 ir \u00e0 ag\u00eancia do Espa\u00e7o Cidad\u00e3o mais perto da resid\u00eancia, entre 8 e 18 horas. Confira os endere\u00e7os:<\/p>\n<p>&#8211; Central: Avenida Bar\u00e3o do Rio Branco, 2.234, Centro;<br \/>\n&#8211; Sul: Rua Porto das Flores, 270, Santa Luzia;<br \/>\n&#8211; Norte: Rua In\u00eas Garcia, 357, Benfica;<br \/>\n&#8211; Oeste: Avenida Presidente Costa e Silva, 1.800, S\u00e3o Pedro;<br \/>\n&#8211; Nordeste: Rua Santa Terezinha, 172, Santa Terezinha.<\/p>\n<p>O candidato dever\u00e1 levar os originais e c\u00f3pia dos seguintes documentos: certid\u00e3o de nascimento ou carteira de identidade, Cadastro de Pessoa F\u00edsica (CPF), certid\u00e3o de casamento, comprovante de resid\u00eancia, renda familiar e matr\u00edcula do aluno. Os estudantes j\u00e1 cadastrados n\u00e3o precisam efetivar nova inscri\u00e7\u00e3o. Ap\u00f3s este processo, o material segue para an\u00e1lise da Supervis\u00e3o de Transporte Escolar (STE) da SE, que emitir\u00e1 parecer.<\/p>\n<p>Os respons\u00e1veis pelos alunos e estudantes menores de 18 anos podem procurar a escola na qual o candidato est\u00e1 matriculado, para solicitar a ficha de inscri\u00e7\u00e3o e o comprovante de matr\u00edcula, a fim de ter acesso ao benef\u00edcio.<\/p>\n<p>Fonte: PJF<\/p>\n","protected":false},"excerpt":{"rendered":"<p>A Secretaria de Educa\u00e7\u00e3o (SE) da Prefeitura de Juiz de Fora (PJF) abre inscri\u00e7\u00f5es para o programa municipal \u201cCart\u00e3o Passe F\u00e1cil Estudante\u201d na segunda-feira, 4. O benef\u00edcio, oferecido em parceria com a Secretaria de Transporte e Tr\u00e2nsito (Settra), concede ao aluno da rede municipal de ensino gratuidade nos \u00f4nibus urbanos. O cadastramento poder\u00e1 ser feito [&hellip;]<\/p>\n","protected":false},"author":96,"featured_media":132629,"comment_status":"closed","ping_status":"closed","sticky":false,"template":"","format":"standard","meta":{"footnotes":""},"categories":[253,436,439],"tags":[],"class_list":["post-132628","post","type-post","status-publish","format-standard","has-post-thumbnail","hentry","category-cidade","category-destaque-da-semana","category-ultima-hora"],"_links":{"self":[{"href":"https:\/\/diarioregionaldigital.com.br\/index.php?rest_route=\/wp\/v2\/posts\/132628","targetHints":{"allow":["GET"]}}],"collection":[{"href":"https:\/\/diarioregionaldigital.com.br\/index.php?rest_route=\/wp\/v2\/posts"}],"about":[{"href":"https:\/\/diarioregionaldigital.com.br\/index.php?rest_route=\/wp\/v2\/types\/post"}],"author":[{"embeddable":true,"href":"https:\/\/diarioregionaldigital.com.br\/index.php?rest_route=\/wp\/v2\/users\/96"}],"replies":[{"embeddable":true,"href":"https:\/\/diarioregionaldigital.com.br\/index.php?rest_route=%2Fwp%2Fv2%2Fcomments&post=132628"}],"version-history":[{"count":0,"href":"https:\/\/diarioregionaldigital.com.br\/index.php?rest_route=\/wp\/v2\/posts\/132628\/revisions"}],"wp:featuredmedia":[{"embeddable":true,"href":"https:\/\/diarioregionaldigital.com.br\/index.php?rest_route=\/wp\/v2\/media\/132629"}],"wp:attachment":[{"href":"https:\/\/diarioregionaldigital.com.br\/index.php?rest_route=%2Fwp%2Fv2%2Fmedia&parent=132628"}],"wp:term":[{"taxonomy":"category","embeddable":true,"href":"https:\/\/diarioregionaldigital.com.br\/index.php?rest_route=%2Fwp%2Fv2%2Fcategories&post=132628"},{"taxonomy":"post_tag","embeddable":true,"href":"https:\/\/diarioregionaldigital.com.br\/index.php?rest_route=%2Fwp%2Fv2%2Ftags&post=132628"}],"curies":[{"name":"wp","href":"https:\/\/api.w.org\/{rel}","templated":true}]}}