{"id":132625,"date":"2019-01-31T09:25:57","date_gmt":"2019-01-31T11:25:57","guid":{"rendered":"https:\/\/diarioregionaldigital.com.br\/?p=132625"},"modified":"2019-02-06T14:27:34","modified_gmt":"2019-02-06T16:27:34","slug":"militares-do-corpo-de-bombeiros-de-juiz-de-fora-e-regiao-seguem-para-brumadinho","status":"publish","type":"post","link":"https:\/\/diarioregionaldigital.com.br\/?p=132625","title":{"rendered":"Militares do Corpo de Bombeiros de Juiz de Fora e regi\u00e3o seguem para Brumadinho"},"content":{"rendered":"<p>No s\u00e9timo dia de trabalhos em Brumadinho, 21 militares do Corpo de Bombeiros de Juiz de Fora e da regi\u00e3o partiram, na manh\u00e3 desta quinta-feira, 31, em dire\u00e7\u00e3o ao munic\u00edpio para auxiliarem nas buscas.<\/p>\n<p>A equipe de 21 militares do 3\u00b0 COB, Comando Operacional de Bombeiros, das cidae de Juiz de Fora, Ub\u00e1, Muria\u00e9, Barbacena e S\u00e3o Jo\u00e3o Del Rei, se deslocou para o munic\u00edpio. Os militares possuem especializa\u00e7\u00e3o em BREC &#8211; Busca e Resgaste em Estruturas Colapsadas \u2013 ou CSSEI \u2013 Curso de Salvamento em Soterramento, Enchentes e Inunda\u00e7\u00f5es \u2013, estando aptos para desempenharem quaisquer fun\u00e7\u00f5es delegadas pelo comandante das Opera\u00e7\u00f5es.<\/p>\n<p>Os Bombeiros receberam instru\u00e7\u00f5es de como ser\u00e1 o trabalho no local da trag\u00e9dia e orienta\u00e7\u00f5es da equipe m\u00e9dica em atua\u00e7\u00e3o. Foi dado todo apoio psicol\u00f3gico por meio da Psic\u00f3loga do 4\u00b0 BBM, Batalh\u00e3o de Bombeiros Militar, para que a equipe viajasse com tranquilidade e seguran\u00e7a, tendo em mente a miss\u00e3o que v\u00e3o desempenhar em Brumadinho.<\/p>\n<p>A nova equipe vai render os 25 militares de Juiz de Fora e Barbacena que j\u00e1 est\u00e3o em Brumadinho desde o \u00faltimo s\u00e1bado, 26. De acordo com as informa\u00e7\u00f5es, a previs\u00e3o de retorno dos 25 militares \u00e9 na noite desta quinta-feira, \u00e0s 21h.<\/p>\n","protected":false},"excerpt":{"rendered":"<p>No s\u00e9timo dia de trabalhos em Brumadinho, 21 militares do Corpo de Bombeiros de Juiz de Fora e da regi\u00e3o partiram, na manh\u00e3 desta quinta-feira, 31, em dire\u00e7\u00e3o ao munic\u00edpio para auxiliarem nas buscas. A equipe de 21 militares do 3\u00b0 COB, Comando Operacional de Bombeiros, das cidae de Juiz de Fora, Ub\u00e1, Muria\u00e9, Barbacena [&hellip;]<\/p>\n","protected":false},"author":96,"featured_media":132626,"comment_status":"closed","ping_status":"closed","sticky":false,"template":"","format":"standard","meta":{"footnotes":""},"categories":[253,436,440,439],"tags":[],"class_list":["post-132625","post","type-post","status-publish","format-standard","has-post-thumbnail","hentry","category-cidade","category-destaque-da-semana","category-destaques-do-dia","category-ultima-hora"],"_links":{"self":[{"href":"https:\/\/diarioregionaldigital.com.br\/index.php?rest_route=\/wp\/v2\/posts\/132625","targetHints":{"allow":["GET"]}}],"collection":[{"href":"https:\/\/diarioregionaldigital.com.br\/index.php?rest_route=\/wp\/v2\/posts"}],"about":[{"href":"https:\/\/diarioregionaldigital.com.br\/index.php?rest_route=\/wp\/v2\/types\/post"}],"author":[{"embeddable":true,"href":"https:\/\/diarioregionaldigital.com.br\/index.php?rest_route=\/wp\/v2\/users\/96"}],"replies":[{"embeddable":true,"href":"https:\/\/diarioregionaldigital.com.br\/index.php?rest_route=%2Fwp%2Fv2%2Fcomments&post=132625"}],"version-history":[{"count":0,"href":"https:\/\/diarioregionaldigital.com.br\/index.php?rest_route=\/wp\/v2\/posts\/132625\/revisions"}],"wp:featuredmedia":[{"embeddable":true,"href":"https:\/\/diarioregionaldigital.com.br\/index.php?rest_route=\/wp\/v2\/media\/132626"}],"wp:attachment":[{"href":"https:\/\/diarioregionaldigital.com.br\/index.php?rest_route=%2Fwp%2Fv2%2Fmedia&parent=132625"}],"wp:term":[{"taxonomy":"category","embeddable":true,"href":"https:\/\/diarioregionaldigital.com.br\/index.php?rest_route=%2Fwp%2Fv2%2Fcategories&post=132625"},{"taxonomy":"post_tag","embeddable":true,"href":"https:\/\/diarioregionaldigital.com.br\/index.php?rest_route=%2Fwp%2Fv2%2Ftags&post=132625"}],"curies":[{"name":"wp","href":"https:\/\/api.w.org\/{rel}","templated":true}]}}