{"id":132618,"date":"2019-01-31T14:53:51","date_gmt":"2019-01-31T16:53:51","guid":{"rendered":"https:\/\/diarioregionaldigital.com.br\/?p=132618"},"modified":"2019-01-31T14:53:51","modified_gmt":"2019-01-31T16:53:51","slug":"bolsonaro-agradece-no-twitter-atuacao-das-tropas-israelenses","status":"publish","type":"post","link":"https:\/\/diarioregionaldigital.com.br\/?p=132618","title":{"rendered":"Bolsonaro agradece, no Twitter, atua\u00e7\u00e3o das tropas israelenses"},"content":{"rendered":"<p>O presidente Jair Bolsonaro agradeceu, no seu Twitter, o encerramento da atua\u00e7\u00e3o das tropas israelenses no resgate de v\u00edtimas ap\u00f3s o desastre causado pelo rompimento da barragem da mina C\u00f3rrego do Feij\u00e3o, em Brumadinho, nos arredores de Belo Horizonte.<\/p>\n<p>\u201cAs bravas tropas israelenses, cedidas pelo Primeiro Ministro, encerram hoje a miss\u00e3o no Brasil. Agrade\u00e7o, em nome do povo brasileiro, ao Estado de Israel pelos servi\u00e7os prestados em Brumadinho-MG em parceria com nossos Guerreiros das For\u00e7as Armadas e Bombeiros\u201d, escreveu.<\/p>\n<p>O presidente, internado no Hospital Albert Einstein, na capital paulista, est\u00e1 no exerc\u00edcio da presid\u00eancia desde ontem, 30.<\/p>\n<p>Bolsonaro n\u00e3o foi liberado pelos m\u00e9dicos para receber autoridades, pois poderia prejudicar a sua recupera\u00e7\u00e3o. Seguindo a sua agenda oficial, o presidente come\u00e7a os despachos \u00e0s 13h30. Est\u00e1 prevista, nesse hor\u00e1rio, a chegada do subchefe de Assuntos Jur\u00eddicos da Casa Civil, Jorge Ant\u00f4nio de Oliveira Francisco, para acompanh\u00e1-lo nos despachos.<\/p>\n<p>O presidente, no entanto, disse que trabalha enquanto se recupera e fez um balan\u00e7o do primeiro m\u00eas na Presid\u00eancia.<\/p>\n<p>\u201cS\u00e3o muitas as linhas de atua\u00e7\u00e3o nesse primeiro m\u00eas de governo e ainda h\u00e1 muito a se fazer. Estamos no caminho certo. Nossa miss\u00e3o ser\u00e1 cumprida! O Brasil ocupar\u00e1 a posi\u00e7\u00e3o que merece no contexto internacional!\u201d, disse no Twitter.<\/p>\n<p>Bolsonaro se recupera no Hospital Albert Einstein da cirurgia realizada na segunda-feira, 28, que durou 7 horas, e reconstruiu o seu tr\u00e2nsito intestinal. Ele deixou ontem, 30, a Unidade de Terapia Intensiva (UTI).<\/p>\n<h2>Comunicado<\/h2>\n<p>Em nota divulgada hoje, o Minist\u00e9rio das Rela\u00e7\u00f5es Exteriores agradeceu o apoio dos 136 militares das For\u00e7as Armadas de Israel. A tropa chegou a Belo Horizonte no domingo, 27, e retorna nesta quinta-feira para Israel. O documento ressalta que a \u201cpresteza na resposta e o empenho demonstrado nesta miss\u00e3o atestam a solidariedade e a amizade&#8221; entre Brasil e Israel.<\/p>\n<p>\u201cO governo do Brasil agradece a solidariedade da na\u00e7\u00e3o israelense, que, atendendo prontamente pedido do Presidente Bolsonaro, enviou miss\u00e3o para apoiar os trabalhos de resgate das v\u00edtimas do rompimento da Barragem do Feij\u00e3o, em Brumadinho.\u201d<\/p>\n<p>De acordo com o comunicado, houve sintonia e harmonia entre brasileiros e israelenses.<\/p>\n<p>\u201cTrabalhando incansavelmente, em estreita sintonia com as for\u00e7as brasileiras, a miss\u00e3o israelense, composta por 136 pessoas, entre especialistas em resgate e peritos, al\u00e9m de c\u00e3es farejadores e equipamentos de alta tecnologia, prestou inestim\u00e1vel servi\u00e7o ao Brasil, neste momento dif\u00edcil, seja na busca por sobreviventes, seja na recupera\u00e7\u00e3o dos corpos das v\u00edtimas fatais.\u201d<\/p>\n<p>Fonte: Ag\u00eancia Brasil<\/p>\n","protected":false},"excerpt":{"rendered":"<p>O presidente Jair Bolsonaro agradeceu, no seu Twitter, o encerramento da atua\u00e7\u00e3o das tropas israelenses no resgate de v\u00edtimas ap\u00f3s o desastre causado pelo rompimento da barragem da mina C\u00f3rrego do Feij\u00e3o, em Brumadinho, nos arredores de Belo Horizonte. \u201cAs bravas tropas israelenses, cedidas pelo Primeiro Ministro, encerram hoje a miss\u00e3o no Brasil. Agrade\u00e7o, em [&hellip;]<\/p>\n","protected":false},"author":96,"featured_media":131672,"comment_status":"closed","ping_status":"closed","sticky":false,"template":"","format":"standard","meta":{"footnotes":""},"categories":[436,254,439],"tags":[],"class_list":["post-132618","post","type-post","status-publish","format-standard","has-post-thumbnail","hentry","category-destaque-da-semana","category-politica","category-ultima-hora"],"_links":{"self":[{"href":"https:\/\/diarioregionaldigital.com.br\/index.php?rest_route=\/wp\/v2\/posts\/132618","targetHints":{"allow":["GET"]}}],"collection":[{"href":"https:\/\/diarioregionaldigital.com.br\/index.php?rest_route=\/wp\/v2\/posts"}],"about":[{"href":"https:\/\/diarioregionaldigital.com.br\/index.php?rest_route=\/wp\/v2\/types\/post"}],"author":[{"embeddable":true,"href":"https:\/\/diarioregionaldigital.com.br\/index.php?rest_route=\/wp\/v2\/users\/96"}],"replies":[{"embeddable":true,"href":"https:\/\/diarioregionaldigital.com.br\/index.php?rest_route=%2Fwp%2Fv2%2Fcomments&post=132618"}],"version-history":[{"count":0,"href":"https:\/\/diarioregionaldigital.com.br\/index.php?rest_route=\/wp\/v2\/posts\/132618\/revisions"}],"wp:featuredmedia":[{"embeddable":true,"href":"https:\/\/diarioregionaldigital.com.br\/index.php?rest_route=\/wp\/v2\/media\/131672"}],"wp:attachment":[{"href":"https:\/\/diarioregionaldigital.com.br\/index.php?rest_route=%2Fwp%2Fv2%2Fmedia&parent=132618"}],"wp:term":[{"taxonomy":"category","embeddable":true,"href":"https:\/\/diarioregionaldigital.com.br\/index.php?rest_route=%2Fwp%2Fv2%2Fcategories&post=132618"},{"taxonomy":"post_tag","embeddable":true,"href":"https:\/\/diarioregionaldigital.com.br\/index.php?rest_route=%2Fwp%2Fv2%2Ftags&post=132618"}],"curies":[{"name":"wp","href":"https:\/\/api.w.org\/{rel}","templated":true}]}}