{"id":132615,"date":"2019-01-31T14:47:36","date_gmt":"2019-01-31T16:47:36","guid":{"rendered":"https:\/\/diarioregionaldigital.com.br\/?p=132615"},"modified":"2019-01-31T14:47:36","modified_gmt":"2019-01-31T16:47:36","slug":"diario-oficial-publica-novos-valores-de-servicos-dos-correios","status":"publish","type":"post","link":"https:\/\/diarioregionaldigital.com.br\/?p=132615","title":{"rendered":"Di\u00e1rio Oficial publica novos valores de servi\u00e7os dos Correios"},"content":{"rendered":"<p>Os Correios reajustaram hoje, 31, as tarifas de alguns dos servi\u00e7os. A <em><a href=\"http:\/\/www.in.gov.br\/materia\/-\/asset_publisher\/Kujrw0TZC2Mb\/content\/id\/61205787\" target=\"_blank\" rel=\"noopener\">tabela<\/a> <\/em>com os novos pre\u00e7os est\u00e1 publicada no <a href=\"http:\/\/www.in.gov.br\/web\/guest\/inicio\" target=\"_blank\" rel=\"noopener\"><em>Di\u00e1rio Oficial da Uni\u00e3o<\/em><\/a>.<\/p>\n<p>O telegrama nacional redigido pela internet, por exemplo, passou de R$ 8,15 por p\u00e1gina, para R$ 8,19. O pre\u00e7o dos primeiros portes da carta comercial e a carta n\u00e3o comercial permanecer\u00e3o os mesmos, de R$ 1,95 e R$ 1,30, respectivamente. A corre\u00e7\u00e3o m\u00e9dia deste ano, de 0,3893%, tamb\u00e9m n\u00e3o incide sobre os segmentos de encomendas e <em>marketing<\/em>, que s\u00e3o concorrenciais.<\/p>\n<p>De acordo com a Portaria n\u00ba 349\/2019, do Minist\u00e9rio da Ci\u00eancia, Tecnologia, Inova\u00e7\u00f5es e Comunica\u00e7\u00f5es, o reajuste, v\u00e1lido para servi\u00e7os nacionais e internacionais, tem por base o \u00cdndice Nacional de Pre\u00e7os ao Consumidor Amplo (IPCA) acumulado de outubro a dezembro de 2018.<\/p>\n<p>Fonte: Ag\u00eancia Brasil<\/p>\n","protected":false},"excerpt":{"rendered":"<p>Os Correios reajustaram hoje, 31, as tarifas de alguns dos servi\u00e7os. A tabela com os novos pre\u00e7os est\u00e1 publicada no Di\u00e1rio Oficial da Uni\u00e3o. O telegrama nacional redigido pela internet, por exemplo, passou de R$ 8,15 por p\u00e1gina, para R$ 8,19. O pre\u00e7o dos primeiros portes da carta comercial e a carta n\u00e3o comercial permanecer\u00e3o [&hellip;]<\/p>\n","protected":false},"author":96,"featured_media":132616,"comment_status":"closed","ping_status":"closed","sticky":false,"template":"","format":"standard","meta":{"footnotes":""},"categories":[436,261,439],"tags":[],"class_list":["post-132615","post","type-post","status-publish","format-standard","has-post-thumbnail","hentry","category-destaque-da-semana","category-economia","category-ultima-hora"],"_links":{"self":[{"href":"https:\/\/diarioregionaldigital.com.br\/index.php?rest_route=\/wp\/v2\/posts\/132615","targetHints":{"allow":["GET"]}}],"collection":[{"href":"https:\/\/diarioregionaldigital.com.br\/index.php?rest_route=\/wp\/v2\/posts"}],"about":[{"href":"https:\/\/diarioregionaldigital.com.br\/index.php?rest_route=\/wp\/v2\/types\/post"}],"author":[{"embeddable":true,"href":"https:\/\/diarioregionaldigital.com.br\/index.php?rest_route=\/wp\/v2\/users\/96"}],"replies":[{"embeddable":true,"href":"https:\/\/diarioregionaldigital.com.br\/index.php?rest_route=%2Fwp%2Fv2%2Fcomments&post=132615"}],"version-history":[{"count":0,"href":"https:\/\/diarioregionaldigital.com.br\/index.php?rest_route=\/wp\/v2\/posts\/132615\/revisions"}],"wp:featuredmedia":[{"embeddable":true,"href":"https:\/\/diarioregionaldigital.com.br\/index.php?rest_route=\/wp\/v2\/media\/132616"}],"wp:attachment":[{"href":"https:\/\/diarioregionaldigital.com.br\/index.php?rest_route=%2Fwp%2Fv2%2Fmedia&parent=132615"}],"wp:term":[{"taxonomy":"category","embeddable":true,"href":"https:\/\/diarioregionaldigital.com.br\/index.php?rest_route=%2Fwp%2Fv2%2Fcategories&post=132615"},{"taxonomy":"post_tag","embeddable":true,"href":"https:\/\/diarioregionaldigital.com.br\/index.php?rest_route=%2Fwp%2Fv2%2Ftags&post=132615"}],"curies":[{"name":"wp","href":"https:\/\/api.w.org\/{rel}","templated":true}]}}