{"id":132613,"date":"2019-02-03T06:00:08","date_gmt":"2019-02-03T08:00:08","guid":{"rendered":"https:\/\/diarioregionaldigital.com.br\/?p=132613"},"modified":"2019-02-04T16:17:40","modified_gmt":"2019-02-04T18:17:40","slug":"constelacao-familiar-metodo-terapeutico-que-estuda-padroes-de-comportamento-vem-ganhando-destaque-no-pais-2","status":"publish","type":"post","link":"https:\/\/diarioregionaldigital.com.br\/?p=132613","title":{"rendered":"CONSTELA\u00c7\u00c3O FAMILIAR: m\u00e9todo terap\u00eautico que estuda padr\u00f5es de comportamento vem ganhando destaque no pa\u00eds"},"content":{"rendered":"<p>Todos n\u00f3s nascemos com caracter\u00edsticas individuais, sejam f\u00edsicas ou emocionais. Ao longo do nosso desenvolvimento enquanto seres humanos, algumas particularidades se manifestas, como o comportamento ou a maneira que reagimos a determinadas situa\u00e7\u00f5es. Muitos de n\u00f3s n\u00e3o sabemos que esses pontos s\u00e3o resultados e nossos sistemas familiares e \u00e9 isso que a Constela\u00e7\u00e3o Familiar estuda. O m\u00e9todo da Constela\u00e7\u00e3o Familiar Sist\u00eamica \u00e9 uma abordagem psicoterap\u00eautica inovadora criada h\u00e1 mais de 30 anos pelo alem\u00e3o Bert Hellinger. Pertencimento, ordem e equil\u00edbrio. Hellinger se baseia nessas tr\u00eas pontos naturais do relacionamento humano para desenvolver a chamada constela\u00e7\u00e3o familiar. Atrav\u00e9s da Constela\u00e7\u00e3o se resgata o tema da ancestralidade para trabalhar a cura de pessoas nos diversos sistemas.<\/p>\n<p>O tema abre v\u00e1rios leques para debates e um deles implica no patrim\u00f4nio gen\u00e9tico que herdamos dos nossos antepassados. Adquirimos suas cren\u00e7as, valores, costumes, tra\u00e7os e, muitas vezes, repetimos alguns comportamentos negativos. Um exemplo disso s\u00e3o casos em que os pais que n\u00e3o demonstram carinho para os filhos porque n\u00e3o receberam amor.<\/p>\n<div id=\"attachment_132955\" style=\"width: 1034px\" class=\"wp-caption aligncenter\"><img loading=\"lazy\" decoding=\"async\" aria-describedby=\"caption-attachment-132955\" class=\"wp-image-132955 size-large\" src=\"https:\/\/diarioregionaldigital.com.br\/wp-content\/uploads\/2019\/02\/Guilherme-Gravina-USAR-ESSA-2-1024x683.jpg\" alt=\"\" width=\"1024\" height=\"683\" srcset=\"https:\/\/diarioregionaldigital.com.br\/wp-content\/uploads\/2019\/02\/Guilherme-Gravina-USAR-ESSA-2-1024x683.jpg 1024w, https:\/\/diarioregionaldigital.com.br\/wp-content\/uploads\/2019\/02\/Guilherme-Gravina-USAR-ESSA-2-300x200.jpg 300w, https:\/\/diarioregionaldigital.com.br\/wp-content\/uploads\/2019\/02\/Guilherme-Gravina-USAR-ESSA-2-768x512.jpg 768w, https:\/\/diarioregionaldigital.com.br\/wp-content\/uploads\/2019\/02\/Guilherme-Gravina-USAR-ESSA-2-360x240.jpg 360w\" sizes=\"auto, (max-width: 1024px) 100vw, 1024px\" \/><p id=\"caption-attachment-132955\" class=\"wp-caption-text\">Atrav\u00e9s da Constela\u00e7\u00e3o se resgata o tema da ancestralidade para trabalhar a cura de pessoas nos diversos sistemas. Foto: Guilherme Gravina.<\/p><\/div>\n<p>Ao contr\u00e1rio do que muitos pensam a Constela\u00e7\u00e3o Familiar Sist\u00eamica n\u00e3o \u00e9 um processo religioso ou espiritualista. A t\u00e9cnica, com abordagem terap\u00eautica, tem como objetivo promover uma mudan\u00e7a de comportamento de forma r\u00e1pida em alguns e mais lento para outros. Liliam W. Rodrigues e Ana Carolina Durante s\u00e3o Consteladoras Sist\u00eamicas, professoras e propriet\u00e1rias da MOB Constela. Lilian explica que o m\u00e9todo coloca a fam\u00edlia em ordem, cada um em seu lugar. \u201cA Constela\u00e7\u00e3o Familiar abre-se em uma imagem representativa da minha fam\u00edlia, por exemplo. Eu tenho um problema, uma quest\u00e3o, uma dificuldade de relacionamento com alguma pessoa ou algum problema de sa\u00fade, eu posso procurar a Constela\u00e7\u00e3o Familiar para poder observar em um campo de representa\u00e7\u00f5es, ou seja, com bonecos, objetos ou com pessoas montando uma cena. Eu consigo observar qual \u00e9 din\u00e2mica oculta que atua por tr\u00e1s dessa quest\u00e3o que eu apresento, o que de fato pode estar motivando para que aquele problema se repita\u201d, disse.<\/p>\n<p>Muitas de nossas quest\u00f5es t\u00eam origens do nosso sistema, ressalta Ana Carolina. \u201cJ\u00e1 foram vividas por familiares anteriores a n\u00f3s ou podem estar relacionadas a exclus\u00f5es que aconteceram na nossa fam\u00edlia ou no nosso sistema, a desequil\u00edbrios nas trocas e a desordem hier\u00e1rquicas que, por exemplo, podem ter acontecido de um filho ter que assumir o papel de pai dos irm\u00e3os. Essa \u00e9 uma desordem hier\u00e1rquica que \u00e9 comum. Quando um pai morre o filho mais velho pode se tornar, na medida do ambiente familiar dele, o respons\u00e1vel pelos irm\u00e3os e isso o desloca do seu lugar de filho e faz com que ele atue na fun\u00e7\u00e3o de pai e acaba trazendo v\u00e1rios sintomas para todos os envolvidos no sistema. Isso porque um lugar que estava vazio foi ocupado por algu\u00e9m menor\u201d, explica.<\/p>\n<p>Sendo assim, a viv\u00eancia dos nossos antepassados, bem como suas cren\u00e7as, valores morais, traumas, doen\u00e7as e segredos formam uma esp\u00e9cie de mem\u00f3ria que pode ser passada geneticamente para os filhos, netos e bisnetos, influenciando a vida dos descendentes. \u201cA ideia principal da Constela\u00e7\u00e3o \u00e9 descobrir qual din\u00e2mica eu estou reproduzindo e ficar livre disso. Reconhecer que o destino de todos da minha fam\u00edlia que vieram antes tem um valor muito alto, ent\u00e3o respeitar esse destino mesmo que eu discorde, mesmo que seja doloroso, que seja dif\u00edcil. \u00c9 o que pode me dar for\u00e7as para seguir finalmente s\u00f3 o meu destino e viver minha vida\u201d, disse Liliam. Ainda na quest\u00e3o do reconhecimento, Ana Carolina complementa que \u201cisso n\u00e3o significa me separar dos meus familiares, muito pelo contr\u00e1rio, \u00e9 reconhecer o lugar e a for\u00e7a de cada um deles e a import\u00e2ncia, principalmente, dos meus pais, av\u00f3s e bisav\u00f3s que vieram antes de mim. Hierarquicamente eles s\u00e3o os importantes e eu estou aqui na minha vida seguindo e quando eu vou para a minha fam\u00edlia e me caso eu me torno o importante\u201d, disse.<\/p>\n<p>A t\u00e9cnica vem ganhando cada vez mais espa\u00e7o no Brasil. Em mar\u00e7o de 2018, o Minist\u00e9rio da Sa\u00fade incluiu 10 novas Pr\u00e1ticas Integrativas e Complementares (PICs) no Sistema \u00danico de Sa\u00fade (SUS) e uma delas foi a Constela\u00e7\u00e3o Familiar Sist\u00eamica.<\/p>\n<p>Lucy Crivellari, Funcion\u00e1ria P\u00fablica, e Vin\u00edcius Crist\u00f3v\u00e3o, Ator e Produtor, j\u00e1 utilizaram a t\u00e9cnica de constela\u00e7\u00e3o. Ambos s\u00e3o constelantes da Liliam e Ana Carolina. Lucy descobriu a t\u00e9cnica sozinha enquanto navegava na internet. \u201cComecei a pesquisar e me interessei. Minha psicol\u00f3gica me indicou uma equipe e iniciei a t\u00e9cnica\u201d, disse. Em contato com a Constela\u00e7\u00e3o Familiar Sist\u00eamica desde dezembro de 2016, a funcion\u00e1ria p\u00fablica j\u00e1 fez tr\u00eas sess\u00f5es. \u201cA gente vai sentindo uma mudan\u00e7a no nosso dia a dia e com as pessoas envolvidas. \u00c9 excelente e recomendo para todo mundo que est\u00e1 pronto para ver e mudar a vida\u201d, disse. J\u00e1 Vin\u00edcius conheceu a Constela\u00e7\u00e3o atrav\u00e9s de um estudo pessoal a partir da Antroposofia. \u201cA partir disso eu fui buscando outras t\u00e9cnicas que me colocasse diante dessa busca do autoconhecimento\u201d, disse. Desde ent\u00e3o ele j\u00e1 fez cinco constela\u00e7\u00f5es. \u201cEu j\u00e1 fiz constela\u00e7\u00e3o de diversas formas. J\u00e1 fiz por quest\u00f5es pessoais, por obst\u00e1culos ou espinhos, que eu tenho, que todos n\u00f3s temos, e eu j\u00e1 inseri a constela\u00e7\u00e3o para quest\u00f5es profissionais. Na minha percep\u00e7\u00e3o a constela\u00e7\u00e3o te coloca como um observador cr\u00edtico das quest\u00f5es, n\u00e3o que julga se \u00e9 bom ou ruim, n\u00e3o est\u00e1 nesse universo superficial, ela me faz ter uma vis\u00e3o sobre as quest\u00f5es que eu estou lidando sem reagir a elas, ela me d\u00e1 uma orienta\u00e7\u00e3o\u201d, disse.<\/p>\n<p>O atendimento pode ser feito particular ou em grupo. Na segunda op\u00e7\u00e3o, enquanto a t\u00e9cnica \u00e9 desenvolvida, o processo de aprendizado acontece simultaneamente com o cliente, com os representantes e com quem est\u00e1 apenas assistindo. Liliam e Ana Carolina pontuam que a Constela\u00e7\u00e3o traz a auto-responsabilidade para sua pr\u00f3pria vida. A partir do que foi visto, a pessoa assume a auto-responsabilidade de olhar para aquilo e lidar com os meios que ela tiver, no tempo que ela tiver. \u201cAcontece uma vez e cada tema s\u00f3 \u00e9 constelado uma vez e n\u00e3o tem p\u00f3s-sess\u00e3o\u201d, explicam. Os temas podem ser variados, sendo fam\u00edlia ou sistema empresarial, por exemplo. A Constela\u00e7\u00e3o realizada em grupo tem dura\u00e7\u00e3o de 30 minutos \u00e0 uma hora, enquanto a particular \u00e9 de 2 horas. N\u00e3o s\u00e3o constelados pelas profissionais pessoas menores de idade ou que possuam algum diagnostico relacionado a problemas mentais.<\/p>\n<p>As Consteladoras atuam a partir do m\u00e9todo da Comunica\u00e7\u00e3o Compassiva para acessar ao campo de informa\u00e7\u00f5es do constelante. \u201cToda vida vivida deixa uma informa\u00e7\u00e3o\u201d, comentam. Para conhecer mais sobre o trabalho de Liliam W. Rodrigues e Ana Carolina Durante basta acessar o site da <a href=\"http:\/\/www.mobconstela.com\">MOB Constela<\/a> ou atrav\u00e9s do canal no YouTube, <a href=\"https:\/\/www.youtube.com\/channel\/UCbZhQPmLUZGHvYQuRcaIT_g\">MOB Dica<\/a>.<\/p>\n","protected":false},"excerpt":{"rendered":"<p>Todos n\u00f3s nascemos com caracter\u00edsticas individuais, sejam f\u00edsicas ou emocionais. Ao longo do nosso desenvolvimento enquanto seres humanos, algumas particularidades se manifestas, como o comportamento ou a maneira que reagimos a determinadas situa\u00e7\u00f5es. Muitos de n\u00f3s n\u00e3o sabemos que esses pontos s\u00e3o resultados e nossos sistemas familiares e \u00e9 isso que a Constela\u00e7\u00e3o Familiar estuda. [&hellip;]<\/p>\n","protected":false},"author":96,"featured_media":132952,"comment_status":"closed","ping_status":"closed","sticky":false,"template":"","format":"standard","meta":{"footnotes":""},"categories":[253,436,440,439],"tags":[],"class_list":["post-132613","post","type-post","status-publish","format-standard","has-post-thumbnail","hentry","category-cidade","category-destaque-da-semana","category-destaques-do-dia","category-ultima-hora"],"_links":{"self":[{"href":"https:\/\/diarioregionaldigital.com.br\/index.php?rest_route=\/wp\/v2\/posts\/132613","targetHints":{"allow":["GET"]}}],"collection":[{"href":"https:\/\/diarioregionaldigital.com.br\/index.php?rest_route=\/wp\/v2\/posts"}],"about":[{"href":"https:\/\/diarioregionaldigital.com.br\/index.php?rest_route=\/wp\/v2\/types\/post"}],"author":[{"embeddable":true,"href":"https:\/\/diarioregionaldigital.com.br\/index.php?rest_route=\/wp\/v2\/users\/96"}],"replies":[{"embeddable":true,"href":"https:\/\/diarioregionaldigital.com.br\/index.php?rest_route=%2Fwp%2Fv2%2Fcomments&post=132613"}],"version-history":[{"count":0,"href":"https:\/\/diarioregionaldigital.com.br\/index.php?rest_route=\/wp\/v2\/posts\/132613\/revisions"}],"wp:featuredmedia":[{"embeddable":true,"href":"https:\/\/diarioregionaldigital.com.br\/index.php?rest_route=\/wp\/v2\/media\/132952"}],"wp:attachment":[{"href":"https:\/\/diarioregionaldigital.com.br\/index.php?rest_route=%2Fwp%2Fv2%2Fmedia&parent=132613"}],"wp:term":[{"taxonomy":"category","embeddable":true,"href":"https:\/\/diarioregionaldigital.com.br\/index.php?rest_route=%2Fwp%2Fv2%2Fcategories&post=132613"},{"taxonomy":"post_tag","embeddable":true,"href":"https:\/\/diarioregionaldigital.com.br\/index.php?rest_route=%2Fwp%2Fv2%2Ftags&post=132613"}],"curies":[{"name":"wp","href":"https:\/\/api.w.org\/{rel}","templated":true}]}}