{"id":132610,"date":"2019-02-03T06:00:50","date_gmt":"2019-02-03T08:00:50","guid":{"rendered":"https:\/\/diarioregionaldigital.com.br\/?p=132610"},"modified":"2019-01-31T13:54:52","modified_gmt":"2019-01-31T15:54:52","slug":"projeto-escola-livre-e-defendido-por-vereador-de-juiz-de-fora","status":"publish","type":"post","link":"https:\/\/diarioregionaldigital.com.br\/?p=132610","title":{"rendered":"Projeto \u201cescola livre\u201d \u00e9 defendido por vereador de Juiz de Fora"},"content":{"rendered":"<p>O projeto de lei apresentado pelo vereador Wanderson Castelar (PT), que compete na ado\u00e7\u00e3o do programa Escola Livre, no sistema de educa\u00e7\u00e3o p\u00fablica e privada de Juiz de Fora pode retomar na C\u00e2mara Municipal a discuss\u00e3o sobre a educa\u00e7\u00e3o na cidade.<\/p>\n<p>O projeto, apresentado no \u00faltimo m\u00eas, tem como a principal proposi\u00e7\u00e3o a defesa da livre manifesta\u00e7\u00e3o do pensamento no \u00e2mbito escolar. O programa Escola Livre defende \u201ca liberdade de aprender, ensinar, pesquisar, ler, publicar e divulgar por todos os meios a cultura, o conhecimento, o pensamento, as artes e o saber, sem qualquer tipo de censura ou repress\u00e3o\u201d.<\/p>\n<p>Segundo o vereador, Juiz de Fora se destacou por ser uma cidade de grande voca\u00e7\u00e3o democr\u00e1tica e pluralista e por isso o projeto \u00e9 importante para a cidade. \u201cInfelizmente, o ambiente de intoler\u00e2ncia e persegui\u00e7\u00e3o pol\u00edtica que tomou conta do Pa\u00eds, nos \u00faltimos anos, chegou com for\u00e7a \u00e0 cidade e se transformou em amea\u00e7a \u00e0s escolas\u201d, disse. Ele destaca que o projeto tem o prop\u00f3sito de proteger a comunidade escolar contra qualquer forma de viol\u00eancia.<\/p>\n<p>A proposta de Castelar contrap\u00f5e o que \u00e9 defendido pelo \u201cEscola sem Partido\u201d, que foi sugerido pelo vereador Andr\u00e9 Mariano (PSC). A proposta foi apresentada em 2016 e retirada pelo pr\u00f3prio vereador em 2017. Outros temas que cercam essa discuss\u00e3o j\u00e1 foram pautados em Juiz de Fora, como a aprova\u00e7\u00e3o Plano Municipal de Educa\u00e7\u00e3o (PME), em 2017, e do programa \u201cInf\u00e2ncia sem Pornografia\u201d, em 2018.<\/p>\n","protected":false},"excerpt":{"rendered":"<p>O projeto de lei apresentado pelo vereador Wanderson Castelar (PT), que compete na ado\u00e7\u00e3o do programa Escola Livre, no sistema de educa\u00e7\u00e3o p\u00fablica e privada de Juiz de Fora pode retomar na C\u00e2mara Municipal a discuss\u00e3o sobre a educa\u00e7\u00e3o na cidade. O projeto, apresentado no \u00faltimo m\u00eas, tem como a principal proposi\u00e7\u00e3o a defesa da [&hellip;]<\/p>\n","protected":false},"author":96,"featured_media":132611,"comment_status":"closed","ping_status":"closed","sticky":false,"template":"","format":"standard","meta":{"footnotes":""},"categories":[253,436,440,439],"tags":[],"class_list":["post-132610","post","type-post","status-publish","format-standard","has-post-thumbnail","hentry","category-cidade","category-destaque-da-semana","category-destaques-do-dia","category-ultima-hora"],"_links":{"self":[{"href":"https:\/\/diarioregionaldigital.com.br\/index.php?rest_route=\/wp\/v2\/posts\/132610","targetHints":{"allow":["GET"]}}],"collection":[{"href":"https:\/\/diarioregionaldigital.com.br\/index.php?rest_route=\/wp\/v2\/posts"}],"about":[{"href":"https:\/\/diarioregionaldigital.com.br\/index.php?rest_route=\/wp\/v2\/types\/post"}],"author":[{"embeddable":true,"href":"https:\/\/diarioregionaldigital.com.br\/index.php?rest_route=\/wp\/v2\/users\/96"}],"replies":[{"embeddable":true,"href":"https:\/\/diarioregionaldigital.com.br\/index.php?rest_route=%2Fwp%2Fv2%2Fcomments&post=132610"}],"version-history":[{"count":0,"href":"https:\/\/diarioregionaldigital.com.br\/index.php?rest_route=\/wp\/v2\/posts\/132610\/revisions"}],"wp:featuredmedia":[{"embeddable":true,"href":"https:\/\/diarioregionaldigital.com.br\/index.php?rest_route=\/wp\/v2\/media\/132611"}],"wp:attachment":[{"href":"https:\/\/diarioregionaldigital.com.br\/index.php?rest_route=%2Fwp%2Fv2%2Fmedia&parent=132610"}],"wp:term":[{"taxonomy":"category","embeddable":true,"href":"https:\/\/diarioregionaldigital.com.br\/index.php?rest_route=%2Fwp%2Fv2%2Fcategories&post=132610"},{"taxonomy":"post_tag","embeddable":true,"href":"https:\/\/diarioregionaldigital.com.br\/index.php?rest_route=%2Fwp%2Fv2%2Ftags&post=132610"}],"curies":[{"name":"wp","href":"https:\/\/api.w.org\/{rel}","templated":true}]}}