{"id":132601,"date":"2019-01-31T13:19:10","date_gmt":"2019-01-31T15:19:10","guid":{"rendered":"https:\/\/diarioregionaldigital.com.br\/?p=132601"},"modified":"2019-01-31T13:19:10","modified_gmt":"2019-01-31T15:19:10","slug":"bem-comum-comemora-dia-do-magico-com-acao-especial-para-idosos","status":"publish","type":"post","link":"https:\/\/diarioregionaldigital.com.br\/?p=132601","title":{"rendered":"&#8220;Bem Comum&#8221; comemora &#8220;Dia do M\u00e1gico&#8221; com a\u00e7\u00e3o especial para idosos"},"content":{"rendered":"<p>Celebrar momentos especiais e torn\u00e1-los inesquec\u00edveis. Com esse objetivo, o projeto \u201cBem Comum\u201d, da Secretaria de Comunica\u00e7\u00e3o Social (SCS) da Prefeitura de Juiz de Fora (PJF), promoveu na tarde desta quarta-feira, 30, o \u201cDia do M\u00e1gico\u201d, comemorado, oficialmente em 31 de janeiro. A festa, realizada no Centro de Conviv\u00eancia do Idoso (CCI), contou pela segunda vez com a parceria do m\u00e1gico Denis Saramelo.<\/p>\n<p>O artista apresentou diferente m\u00e1gicas e arrancou muitos sorrisos dos idosos.\u201d A m\u00e1gica e uma arte que desperta algo especial em pessoas de todas as idades. \u00c9 muito interessante ver essa magia acontecer\u201d. Ad\u00e3o S\u00e9rgio Gon\u00e7alves de, 66, anos acompanhou a apresenta\u00e7\u00e3o encantado. \u201c Parece que voltei aos 10 anos de idade. E \u00e9 muito impressionante assistir a uma apresenta\u00e7\u00e3o como esta. Me fez esquecer de todos os meus problemas\u201d.<\/p>\n<p>Catarina Ventura de Oliveira, assistida pelo CCI, ficou feliz em saber que o dia do m\u00e1gico \u00e9 lembrado no m\u00eas de seu anivers\u00e1rio. &#8221; Achei muito interessante porque sempre ouvi dos meus pais que eu era uma m\u00e1gica na vida deles. Fiquei muito feliz em saber desta coincid\u00eancia\u201d.<\/p>\n<p><b>O CCI<\/b><\/p>\n<p>O trabalho no Centro de Conviv\u00eancia do Idoso \u00e9 executado pela Associa\u00e7\u00e3o Municipal de Apoio Comunit\u00e1rio (Amac), que realiza a\u00e7\u00f5es visando garantir o envelhecimento saud\u00e1vel no munic\u00edpio. Entre as atividades oferecidas est\u00e3o aulas de gin\u00e1stica, dan\u00e7a, trabalhos manuais, teatro, jogos, ioga e inform\u00e1tica. Atualmente, o Centro conta com 2.120 idosos cadastrados.<\/p>\n<p>&nbsp;<\/p>\n<p>Fonte: PJF<\/p>\n","protected":false},"excerpt":{"rendered":"<p>Celebrar momentos especiais e torn\u00e1-los inesquec\u00edveis. Com esse objetivo, o projeto \u201cBem Comum\u201d, da Secretaria de Comunica\u00e7\u00e3o Social (SCS) da Prefeitura de Juiz de Fora (PJF), promoveu na tarde desta quarta-feira, 30, o \u201cDia do M\u00e1gico\u201d, comemorado, oficialmente em 31 de janeiro. A festa, realizada no Centro de Conviv\u00eancia do Idoso (CCI), contou pela segunda [&hellip;]<\/p>\n","protected":false},"author":96,"featured_media":132602,"comment_status":"closed","ping_status":"closed","sticky":false,"template":"","format":"standard","meta":{"footnotes":""},"categories":[253,436,262,439],"tags":[],"class_list":["post-132601","post","type-post","status-publish","format-standard","has-post-thumbnail","hentry","category-cidade","category-destaque-da-semana","category-noticias","category-ultima-hora"],"_links":{"self":[{"href":"https:\/\/diarioregionaldigital.com.br\/index.php?rest_route=\/wp\/v2\/posts\/132601","targetHints":{"allow":["GET"]}}],"collection":[{"href":"https:\/\/diarioregionaldigital.com.br\/index.php?rest_route=\/wp\/v2\/posts"}],"about":[{"href":"https:\/\/diarioregionaldigital.com.br\/index.php?rest_route=\/wp\/v2\/types\/post"}],"author":[{"embeddable":true,"href":"https:\/\/diarioregionaldigital.com.br\/index.php?rest_route=\/wp\/v2\/users\/96"}],"replies":[{"embeddable":true,"href":"https:\/\/diarioregionaldigital.com.br\/index.php?rest_route=%2Fwp%2Fv2%2Fcomments&post=132601"}],"version-history":[{"count":0,"href":"https:\/\/diarioregionaldigital.com.br\/index.php?rest_route=\/wp\/v2\/posts\/132601\/revisions"}],"wp:featuredmedia":[{"embeddable":true,"href":"https:\/\/diarioregionaldigital.com.br\/index.php?rest_route=\/wp\/v2\/media\/132602"}],"wp:attachment":[{"href":"https:\/\/diarioregionaldigital.com.br\/index.php?rest_route=%2Fwp%2Fv2%2Fmedia&parent=132601"}],"wp:term":[{"taxonomy":"category","embeddable":true,"href":"https:\/\/diarioregionaldigital.com.br\/index.php?rest_route=%2Fwp%2Fv2%2Fcategories&post=132601"},{"taxonomy":"post_tag","embeddable":true,"href":"https:\/\/diarioregionaldigital.com.br\/index.php?rest_route=%2Fwp%2Fv2%2Ftags&post=132601"}],"curies":[{"name":"wp","href":"https:\/\/api.w.org\/{rel}","templated":true}]}}