{"id":132597,"date":"2019-01-31T13:09:19","date_gmt":"2019-01-31T15:09:19","guid":{"rendered":"https:\/\/diarioregionaldigital.com.br\/?p=132597"},"modified":"2019-01-31T13:09:19","modified_gmt":"2019-01-31T15:09:19","slug":"secretaria-de-meio-ambiente-realiza-exames-com-tomografo-em-arvores-do-museu","status":"publish","type":"post","link":"https:\/\/diarioregionaldigital.com.br\/?p=132597","title":{"rendered":"Secretaria de Meio Ambiente realiza exames com tom\u00f3grafo em \u00e1rvores do Museu"},"content":{"rendered":"<p>O trabalho de preserva\u00e7\u00e3o, assim como a manuten\u00e7\u00e3o dos jardins hist\u00f3ricos e do bosque do Museu \u201cMariano Proc\u00f3pio\u201d, \u00e9 realizado pela equipe do Departamento de Planejamento e Manejo do Parque (DPMP). E, para algumas a\u00e7\u00f5es espec\u00edficas, a institui\u00e7\u00e3o conta com servi\u00e7os de setores da Prefeitura de Juiz de Fora (PJF), como a Secretaria de Meio Ambiente (SMA). Na ter\u00e7a-feira, 29, grupo de engenheiros ambientais realizou exames com tom\u00f3grafo para \u00e1rvores, verificando a sa\u00fade e poss\u00edveis riscos de quedas de algumas plantas.<\/p>\n<p>Segundo Ana Maria Brand\u00e3o Mendes, analista ambiental da SMA, a utiliza\u00e7\u00e3o do equipamento complementa a avalia\u00e7\u00e3o visual de risco, nos casos que o respons\u00e1vel t\u00e9cnico entenda como necess\u00e1ria a utiliza\u00e7\u00e3o do tom\u00f3grafo: \u201c\u00c9 importante realizarmos esse tipo de atividade aqui no parque do Museu, devido a situa\u00e7\u00e3o de algumas \u00e1rvores que j\u00e1 s\u00e3o bem antigas, e pelo fato da grande circula\u00e7\u00e3o de pessoas no local\u201d.<\/p>\n<p>&nbsp;<\/p>\n<p>Fonte: PJF<\/p>\n","protected":false},"excerpt":{"rendered":"<p>O trabalho de preserva\u00e7\u00e3o, assim como a manuten\u00e7\u00e3o dos jardins hist\u00f3ricos e do bosque do Museu \u201cMariano Proc\u00f3pio\u201d, \u00e9 realizado pela equipe do Departamento de Planejamento e Manejo do Parque (DPMP). E, para algumas a\u00e7\u00f5es espec\u00edficas, a institui\u00e7\u00e3o conta com servi\u00e7os de setores da Prefeitura de Juiz de Fora (PJF), como a Secretaria de Meio [&hellip;]<\/p>\n","protected":false},"author":96,"featured_media":132598,"comment_status":"closed","ping_status":"closed","sticky":false,"template":"","format":"standard","meta":{"footnotes":""},"categories":[253,436,262,439],"tags":[],"class_list":["post-132597","post","type-post","status-publish","format-standard","has-post-thumbnail","hentry","category-cidade","category-destaque-da-semana","category-noticias","category-ultima-hora"],"_links":{"self":[{"href":"https:\/\/diarioregionaldigital.com.br\/index.php?rest_route=\/wp\/v2\/posts\/132597","targetHints":{"allow":["GET"]}}],"collection":[{"href":"https:\/\/diarioregionaldigital.com.br\/index.php?rest_route=\/wp\/v2\/posts"}],"about":[{"href":"https:\/\/diarioregionaldigital.com.br\/index.php?rest_route=\/wp\/v2\/types\/post"}],"author":[{"embeddable":true,"href":"https:\/\/diarioregionaldigital.com.br\/index.php?rest_route=\/wp\/v2\/users\/96"}],"replies":[{"embeddable":true,"href":"https:\/\/diarioregionaldigital.com.br\/index.php?rest_route=%2Fwp%2Fv2%2Fcomments&post=132597"}],"version-history":[{"count":0,"href":"https:\/\/diarioregionaldigital.com.br\/index.php?rest_route=\/wp\/v2\/posts\/132597\/revisions"}],"wp:featuredmedia":[{"embeddable":true,"href":"https:\/\/diarioregionaldigital.com.br\/index.php?rest_route=\/wp\/v2\/media\/132598"}],"wp:attachment":[{"href":"https:\/\/diarioregionaldigital.com.br\/index.php?rest_route=%2Fwp%2Fv2%2Fmedia&parent=132597"}],"wp:term":[{"taxonomy":"category","embeddable":true,"href":"https:\/\/diarioregionaldigital.com.br\/index.php?rest_route=%2Fwp%2Fv2%2Fcategories&post=132597"},{"taxonomy":"post_tag","embeddable":true,"href":"https:\/\/diarioregionaldigital.com.br\/index.php?rest_route=%2Fwp%2Fv2%2Ftags&post=132597"}],"curies":[{"name":"wp","href":"https:\/\/api.w.org\/{rel}","templated":true}]}}