{"id":132588,"date":"2019-01-31T09:24:06","date_gmt":"2019-01-31T11:24:06","guid":{"rendered":"https:\/\/diarioregionaldigital.com.br\/?p=132588"},"modified":"2019-01-31T09:24:06","modified_gmt":"2019-01-31T11:24:06","slug":"familia-busca-por-conta-propria-parente-desaparecido-em-brumadinho","status":"publish","type":"post","link":"https:\/\/diarioregionaldigital.com.br\/?p=132588","title":{"rendered":"Fam\u00edlia busca por conta pr\u00f3pria parente desaparecido em Brumadinho"},"content":{"rendered":"<p>Todas as planta\u00e7\u00f5es e ch\u00e1caras que estavam ao lado da Vale, no C\u00f3rrego do Feij\u00e3o em Brumadinho (MG), foram tragadas pela lama no momento em que a Barragem 1 se rompeu, no dia 25. O cen\u00e1rio \u00e9 de cat\u00e1strofe. Foi na beira deste mar de lama que a a\u00e7\u00e3o desesperada de uma fam\u00edlia chamava a aten\u00e7\u00e3o.<\/p>\n<p>Vanderson Geraldo da Fonseca, 31 anos, lavrador, buscava o cunhado, Paulo Giovani dos Santos, 40 anos, agricultor, desaparecido desde o dia da trag\u00e9dia. \u201cA expectativa \u00e9 s\u00f3 encontrar o corpo para dar um basta. [Encontr\u00e1-lo] com vida, a gente n\u00e3o acredita mais.\u201d<\/p>\n<p>Na busca desesperada, parentes usam p\u00e1s, enxadas e at\u00e9 cavam com as pr\u00f3prias m\u00e3os. O motorista Pedro Ferreira dos Santos, 43 anos, \u00e9 um dos 10 irm\u00e3os de Paulo Giovani.<\/p>\n<p>Paulo Giovani era caseiro de uma ch\u00e1cara que ficava ao lado da Vale. Com o rompimento da barragem de rejeitos, a piscina, a \u00e1rea verde e a casa onde Paulo morava foram arrastados pela lama. Tereza Ferreira do Nascimento, 41 anos, dona de casa, \u00e9 uma das irm\u00e3s de Paulo e tamb\u00e9m auxiliava nas buscas.<\/p>\n<p>Ela conta, emocionada, da ang\u00fastia de seguir sem respostas. \u201cSe a gente encontrar o corpo, a gente vai pelo menos fazer o enterro e dar um ponto final na hist\u00f3ria.\u201d<\/p>\n<p>Genro de Paulo, Gean Carlos Soares, buscava n\u00e3o s\u00f3 o sogro desaparecido, mas tamb\u00e9m o tio, que trabalhava na Vale. Desde sexta-feira, ele vai at\u00e9 a regi\u00e3o em busca de informa\u00e7\u00f5es. \u00a0\u201cS\u00f3 quem t\u00e1 vendo de perto, viu que estrago que fez aqui. A chance de estar vivo pode descartar.\u201d<\/p>\n<p>Depois de cinco dias seguidos, Gean conta que seria a \u00faltima vez que iria at\u00e9 o local.<\/p>\n<p><em>Fonte: Ag\u00eancia Brasil<\/em><\/p>\n","protected":false},"excerpt":{"rendered":"<p>Todas as planta\u00e7\u00f5es e ch\u00e1caras que estavam ao lado da Vale, no C\u00f3rrego do Feij\u00e3o em Brumadinho (MG), foram tragadas pela lama no momento em que a Barragem 1 se rompeu, no dia 25. O cen\u00e1rio \u00e9 de cat\u00e1strofe. Foi na beira deste mar de lama que a a\u00e7\u00e3o desesperada de uma fam\u00edlia chamava a [&hellip;]<\/p>\n","protected":false},"author":96,"featured_media":0,"comment_status":"closed","ping_status":"closed","sticky":false,"template":"","format":"standard","meta":{"footnotes":""},"categories":[302,439],"tags":[],"class_list":["post-132588","post","type-post","status-publish","format-standard","hentry","category-brasil-mundo","category-ultima-hora"],"_links":{"self":[{"href":"https:\/\/diarioregionaldigital.com.br\/index.php?rest_route=\/wp\/v2\/posts\/132588","targetHints":{"allow":["GET"]}}],"collection":[{"href":"https:\/\/diarioregionaldigital.com.br\/index.php?rest_route=\/wp\/v2\/posts"}],"about":[{"href":"https:\/\/diarioregionaldigital.com.br\/index.php?rest_route=\/wp\/v2\/types\/post"}],"author":[{"embeddable":true,"href":"https:\/\/diarioregionaldigital.com.br\/index.php?rest_route=\/wp\/v2\/users\/96"}],"replies":[{"embeddable":true,"href":"https:\/\/diarioregionaldigital.com.br\/index.php?rest_route=%2Fwp%2Fv2%2Fcomments&post=132588"}],"version-history":[{"count":0,"href":"https:\/\/diarioregionaldigital.com.br\/index.php?rest_route=\/wp\/v2\/posts\/132588\/revisions"}],"wp:attachment":[{"href":"https:\/\/diarioregionaldigital.com.br\/index.php?rest_route=%2Fwp%2Fv2%2Fmedia&parent=132588"}],"wp:term":[{"taxonomy":"category","embeddable":true,"href":"https:\/\/diarioregionaldigital.com.br\/index.php?rest_route=%2Fwp%2Fv2%2Fcategories&post=132588"},{"taxonomy":"post_tag","embeddable":true,"href":"https:\/\/diarioregionaldigital.com.br\/index.php?rest_route=%2Fwp%2Fv2%2Ftags&post=132588"}],"curies":[{"name":"wp","href":"https:\/\/api.w.org\/{rel}","templated":true}]}}