{"id":132583,"date":"2019-01-31T09:18:24","date_gmt":"2019-01-31T11:18:24","guid":{"rendered":"https:\/\/diarioregionaldigital.com.br\/?p=132583"},"modified":"2019-01-31T09:18:24","modified_gmt":"2019-01-31T11:18:24","slug":"combate-a-dengue-militares-vistoriam-areas-no-alto-dos-passos-e-boa-vista","status":"publish","type":"post","link":"https:\/\/diarioregionaldigital.com.br\/?p=132583","title":{"rendered":"Combate \u00e0 dengue &#8211; Militares vistoriam \u00e1reas no Alto dos Passos e Boa Vista"},"content":{"rendered":"<p>Dando continuidade aos trabalhos contra dengue, militares do Ex\u00e9rcito seguem as atividades de vistoria nas casas e com\u00e9rcio do munic\u00edpio. Nesta quarta-feira, 30, eles est\u00e3o atuando no Bairro Alto dos Passos. Na quinta-feira, 31, e sexta, 1\u00ba de fevereiro, ser\u00e1 a vez do Boa Vista. A a\u00e7\u00e3o conta com cerca de 250 militares e tem como objetivo encontrar e combater os focos do Aedes aegypti.<\/p>\n<p>De acordo com o assessor de comunica\u00e7\u00e3o da 4\u00aa Brigada de Infantaria Leve (Montanha), coronel Malbatan Leal, a institui\u00e7\u00e3o avalia como positiva a parceria com a Prefeitura de Juiz de Fora (PJF), uma vez que o esfor\u00e7o conjunto \u00e9 ben\u00e9fico para a sociedade: \u201cEsse \u00e9 caso de sa\u00fade p\u00fablica. Ent\u00e3o, todos os militares que est\u00e3o atuando passam por processo de capacita\u00e7\u00e3o e, em seguida, come\u00e7am o trabalho de campo\u201d.<\/p>\n<p>A Subsecretaria de Vigil\u00e2ncia em Sa\u00fade, por meio das equipes do Departamento de Vigil\u00e2ncia Epidemiol\u00f3gica e Ambiental (Dvea), tem realizado conjunto de a\u00e7\u00f5es visando diminuir o \u00edndice de focos do Aedes aegypti na cidade. Al\u00e9m do trabalho de campo, o projeto de \u201cEduca\u00e7\u00e3o em Sa\u00fade\u201d est\u00e1 presente nas ruas e institui\u00e7\u00f5es do munic\u00edpio, trabalhando diretamente em prol da conscientiza\u00e7\u00e3o da sociedade. \u00c9 importante, tamb\u00e9m, a participa\u00e7\u00e3o popular na luta contra as doen\u00e7as provocadas pelo vetor, como dengue, zika, chikungunya e febre amarela urbana.<\/p>\n<p><em>Fonte: PJF<\/em><\/p>\n","protected":false},"excerpt":{"rendered":"<p>Dando continuidade aos trabalhos contra dengue, militares do Ex\u00e9rcito seguem as atividades de vistoria nas casas e com\u00e9rcio do munic\u00edpio. Nesta quarta-feira, 30, eles est\u00e3o atuando no Bairro Alto dos Passos. Na quinta-feira, 31, e sexta, 1\u00ba de fevereiro, ser\u00e1 a vez do Boa Vista. A a\u00e7\u00e3o conta com cerca de 250 militares e tem [&hellip;]<\/p>\n","protected":false},"author":96,"featured_media":0,"comment_status":"closed","ping_status":"closed","sticky":false,"template":"","format":"standard","meta":{"footnotes":""},"categories":[253,439],"tags":[],"class_list":["post-132583","post","type-post","status-publish","format-standard","hentry","category-cidade","category-ultima-hora"],"_links":{"self":[{"href":"https:\/\/diarioregionaldigital.com.br\/index.php?rest_route=\/wp\/v2\/posts\/132583","targetHints":{"allow":["GET"]}}],"collection":[{"href":"https:\/\/diarioregionaldigital.com.br\/index.php?rest_route=\/wp\/v2\/posts"}],"about":[{"href":"https:\/\/diarioregionaldigital.com.br\/index.php?rest_route=\/wp\/v2\/types\/post"}],"author":[{"embeddable":true,"href":"https:\/\/diarioregionaldigital.com.br\/index.php?rest_route=\/wp\/v2\/users\/96"}],"replies":[{"embeddable":true,"href":"https:\/\/diarioregionaldigital.com.br\/index.php?rest_route=%2Fwp%2Fv2%2Fcomments&post=132583"}],"version-history":[{"count":0,"href":"https:\/\/diarioregionaldigital.com.br\/index.php?rest_route=\/wp\/v2\/posts\/132583\/revisions"}],"wp:attachment":[{"href":"https:\/\/diarioregionaldigital.com.br\/index.php?rest_route=%2Fwp%2Fv2%2Fmedia&parent=132583"}],"wp:term":[{"taxonomy":"category","embeddable":true,"href":"https:\/\/diarioregionaldigital.com.br\/index.php?rest_route=%2Fwp%2Fv2%2Fcategories&post=132583"},{"taxonomy":"post_tag","embeddable":true,"href":"https:\/\/diarioregionaldigital.com.br\/index.php?rest_route=%2Fwp%2Fv2%2Ftags&post=132583"}],"curies":[{"name":"wp","href":"https:\/\/api.w.org\/{rel}","templated":true}]}}