{"id":132578,"date":"2019-01-31T08:10:15","date_gmt":"2019-01-31T10:10:15","guid":{"rendered":"https:\/\/diarioregionaldigital.com.br\/?p=132578"},"modified":"2019-01-31T09:08:19","modified_gmt":"2019-01-31T11:08:19","slug":"inhotim-cancela-reabertura-nesta-sexta-nao-ha-nova-data-definida","status":"publish","type":"post","link":"https:\/\/diarioregionaldigital.com.br\/?p=132578","title":{"rendered":"Inhotim cancela reabertura nesta sexta; n\u00e3o h\u00e1 nova data definida"},"content":{"rendered":"<p>O Instituto Inhotim divulgou nessa quinta-feira, 30, um comunicado informando o cancelamento da reabertura que\u00a0<a href=\"http:\/\/agenciabrasil.ebc.com.br\/geral\/noticia\/2019-01\/nhotim-sera-reaberto-ao-publico\" target=\"_blank\" rel=\"noopener\">havia sido programada para\u00a0sexta-feira (1\u00ba)<\/a>. O aviso foi publicado em suas redes sociais. Ainda n\u00e3o h\u00e1 nova data\u00a0 definida. O centro de arte sediado em Brumadinho (MG) foi evacuado ap\u00f3s o rompimento da barragem da Vale, na \u00faltima\u00a0sexta-feira, 25, e encontra-se fechado desde ent\u00e3o.<\/p>\n<p>A barragem que se rompeu integrava a Mina Feij\u00e3o. Os trabalhos de busca das v\u00edtimas est\u00e3o sendo conduzidos pelo Corpo de Bombeiros de Minas Gerais. O \u00faltimo balan\u00e7o\u00a0divulgado\u00a0aponta 84 mortos, dos quais\u00a0<a href=\"http:\/\/agenciabrasil.ebc.com.br\/geral\/noticia\/2019-01\/sobe-para-51-numero-de-vitimas-identificadas-em-tragedia-de-brumadinho\" target=\"_blank\" rel=\"noopener\">51 corpos j\u00e1\u00a0foram identificados<\/a>. H\u00e1 ainda\u00a0276 pessoas desaparecidas.<\/p>\n<p>No comunicado, o Inhotim afirmou que vem acompanhando de perto os desdobramentos do desastre e que est\u00e1 mobilizado para prestar apoio \u00e0 comunidade e aos atingidos. &#8220;A trag\u00e9dia provocou impactos diretos no instituto, uma vez que, dos cerca de 600 funcion\u00e1rios que emprega, 80% moram na regi\u00e3o. Desses, 41 t\u00eam familiares pr\u00f3ximos desaparecidos ou com \u00f3bito declarado, e os demais procuram por amigos e pessoas conhecidas&#8221;, registra o texto.<\/p>\n<p>Sede de um grande acervo de arte contempor\u00e2nea do Brasil, Inhotim \u00e9 considerado o maior centro de arte ao ar livre da Am\u00e9rica Latina. Ainda de acordo com o comunicado, uma nova data de reabertura ser\u00e1 informada quando o instituto encontrar o momento prop\u00edcio\u00a0para receber novos visitantes.<\/p>\n<p>&#8220;Sendo uma institui\u00e7\u00e3o refer\u00eancia na regi\u00e3o e entendendo que o desastre deixar\u00e1 marcas profundas e duradouras, o Inhotim est\u00e1 ciente que\u00a0ter\u00e1 um papel crucial na recupera\u00e7\u00e3o de uma cidade abalada nos pr\u00f3ximos anos. Cultura, arte, meio ambiente e educa\u00e7\u00e3o s\u00e3o fundamentais para o desenvolvimento humano e da sociedade e continuar\u00e3o sendo ponto de partida para a defini\u00e7\u00e3o de a\u00e7\u00f5es futuras&#8221;, acrescenta.<\/p>\n<p><em>Fonte: Ag\u00eancia Brasil<\/em><\/p>\n","protected":false},"excerpt":{"rendered":"<p>O Instituto Inhotim divulgou nessa quinta-feira, 30, um comunicado informando o cancelamento da reabertura que\u00a0havia sido programada para\u00a0sexta-feira (1\u00ba). O aviso foi publicado em suas redes sociais. Ainda n\u00e3o h\u00e1 nova data\u00a0 definida. O centro de arte sediado em Brumadinho (MG) foi evacuado ap\u00f3s o rompimento da barragem da Vale, na \u00faltima\u00a0sexta-feira, 25, e encontra-se [&hellip;]<\/p>\n","protected":false},"author":96,"featured_media":0,"comment_status":"closed","ping_status":"closed","sticky":false,"template":"","format":"standard","meta":{"footnotes":""},"categories":[302,436,440,439],"tags":[],"class_list":["post-132578","post","type-post","status-publish","format-standard","hentry","category-brasil-mundo","category-destaque-da-semana","category-destaques-do-dia","category-ultima-hora"],"_links":{"self":[{"href":"https:\/\/diarioregionaldigital.com.br\/index.php?rest_route=\/wp\/v2\/posts\/132578","targetHints":{"allow":["GET"]}}],"collection":[{"href":"https:\/\/diarioregionaldigital.com.br\/index.php?rest_route=\/wp\/v2\/posts"}],"about":[{"href":"https:\/\/diarioregionaldigital.com.br\/index.php?rest_route=\/wp\/v2\/types\/post"}],"author":[{"embeddable":true,"href":"https:\/\/diarioregionaldigital.com.br\/index.php?rest_route=\/wp\/v2\/users\/96"}],"replies":[{"embeddable":true,"href":"https:\/\/diarioregionaldigital.com.br\/index.php?rest_route=%2Fwp%2Fv2%2Fcomments&post=132578"}],"version-history":[{"count":0,"href":"https:\/\/diarioregionaldigital.com.br\/index.php?rest_route=\/wp\/v2\/posts\/132578\/revisions"}],"wp:attachment":[{"href":"https:\/\/diarioregionaldigital.com.br\/index.php?rest_route=%2Fwp%2Fv2%2Fmedia&parent=132578"}],"wp:term":[{"taxonomy":"category","embeddable":true,"href":"https:\/\/diarioregionaldigital.com.br\/index.php?rest_route=%2Fwp%2Fv2%2Fcategories&post=132578"},{"taxonomy":"post_tag","embeddable":true,"href":"https:\/\/diarioregionaldigital.com.br\/index.php?rest_route=%2Fwp%2Fv2%2Ftags&post=132578"}],"curies":[{"name":"wp","href":"https:\/\/api.w.org\/{rel}","templated":true}]}}