{"id":132575,"date":"2019-01-31T09:14:11","date_gmt":"2019-01-31T11:14:11","guid":{"rendered":"https:\/\/diarioregionaldigital.com.br\/?p=132575"},"modified":"2019-01-31T09:14:11","modified_gmt":"2019-01-31T11:14:11","slug":"guarda-municipal-prende-jovem-com-drogas-no-parque-halfeld","status":"publish","type":"post","link":"https:\/\/diarioregionaldigital.com.br\/?p=132575","title":{"rendered":"Guarda Municipal prende jovem com drogas no Parque Halfeld"},"content":{"rendered":"<p>Um jovem de 27 anos foi preso na tarde desta quarta-feira, 30, com tr\u00eas buchas de maconha, no Parque Halfeld, regi\u00e3o central de Juiz de Fora. Dois guardas municipais, que realizavam o patrulhamento preventivo na \u00e1rea, identificaram que o rapaz fazia uso da droga e realizaram a abordagem. A a\u00e7\u00e3o contou com a participa\u00e7\u00e3o de outros dois agentes.<\/p>\n<p>Durante a opera\u00e7\u00e3o, al\u00e9m da apreens\u00e3o do material, foi identificado que o jovem, natural do Rio de Janeiro, j\u00e1 possu\u00eda passagem na pol\u00edcia por tr\u00e1fico de drogas e assalto usando simulacro de arma de fogo. As penas por estes crimes j\u00e1 foram cumpridas. Como ele estava com ferimentos no rosto, a Guarda Municipal o encaminhou, primeiramente, ao Hospital de Pronto Socorro \u201cDr. Mozart Teixeira\u201d (HPS) e, posteriormente, \u00e0 Delegacia Regional de Pol\u00edcia Civil, no Bairro Santa Terezinha.<\/p>\n<p>Em nove dias, esta \u00e9 a segunda pris\u00e3o realizada pela Guarda Municipal no Parque Halfeld. O objetivo do patrulhamento preventivo \u00e9 ampliar a sensa\u00e7\u00e3o de seguran\u00e7a nas \u00e1reas p\u00fablicas, garantindo o direito do cidad\u00e3o de fazer uso destes espa\u00e7os.<\/p>\n<p><em>Fonte: PJF<\/em><\/p>\n","protected":false},"excerpt":{"rendered":"<p>Um jovem de 27 anos foi preso na tarde desta quarta-feira, 30, com tr\u00eas buchas de maconha, no Parque Halfeld, regi\u00e3o central de Juiz de Fora. Dois guardas municipais, que realizavam o patrulhamento preventivo na \u00e1rea, identificaram que o rapaz fazia uso da droga e realizaram a abordagem. A a\u00e7\u00e3o contou com a participa\u00e7\u00e3o de [&hellip;]<\/p>\n","protected":false},"author":96,"featured_media":0,"comment_status":"closed","ping_status":"closed","sticky":false,"template":"","format":"standard","meta":{"footnotes":""},"categories":[253,439],"tags":[],"class_list":["post-132575","post","type-post","status-publish","format-standard","hentry","category-cidade","category-ultima-hora"],"_links":{"self":[{"href":"https:\/\/diarioregionaldigital.com.br\/index.php?rest_route=\/wp\/v2\/posts\/132575","targetHints":{"allow":["GET"]}}],"collection":[{"href":"https:\/\/diarioregionaldigital.com.br\/index.php?rest_route=\/wp\/v2\/posts"}],"about":[{"href":"https:\/\/diarioregionaldigital.com.br\/index.php?rest_route=\/wp\/v2\/types\/post"}],"author":[{"embeddable":true,"href":"https:\/\/diarioregionaldigital.com.br\/index.php?rest_route=\/wp\/v2\/users\/96"}],"replies":[{"embeddable":true,"href":"https:\/\/diarioregionaldigital.com.br\/index.php?rest_route=%2Fwp%2Fv2%2Fcomments&post=132575"}],"version-history":[{"count":0,"href":"https:\/\/diarioregionaldigital.com.br\/index.php?rest_route=\/wp\/v2\/posts\/132575\/revisions"}],"wp:attachment":[{"href":"https:\/\/diarioregionaldigital.com.br\/index.php?rest_route=%2Fwp%2Fv2%2Fmedia&parent=132575"}],"wp:term":[{"taxonomy":"category","embeddable":true,"href":"https:\/\/diarioregionaldigital.com.br\/index.php?rest_route=%2Fwp%2Fv2%2Fcategories&post=132575"},{"taxonomy":"post_tag","embeddable":true,"href":"https:\/\/diarioregionaldigital.com.br\/index.php?rest_route=%2Fwp%2Fv2%2Ftags&post=132575"}],"curies":[{"name":"wp","href":"https:\/\/api.w.org\/{rel}","templated":true}]}}