{"id":132574,"date":"2019-01-31T09:03:37","date_gmt":"2019-01-31T11:03:37","guid":{"rendered":"https:\/\/diarioregionaldigital.com.br\/?p=132574"},"modified":"2019-01-31T09:03:37","modified_gmt":"2019-01-31T11:03:37","slug":"contratacao-de-professores-pjf-divulga-convocacao-para-diversas-disciplinas","status":"publish","type":"post","link":"https:\/\/diarioregionaldigital.com.br\/?p=132574","title":{"rendered":"Contrata\u00e7\u00e3o de professores \u2013 PJF divulga convoca\u00e7\u00e3o para diversas disciplinas"},"content":{"rendered":"<p>A Prefeitura de Juiz de Fora (PJF), atrav\u00e9s das secretarias de Administra\u00e7\u00e3o e Recursos Humanos (SARH) e Educa\u00e7\u00e3o (SE), divulgou nesta quarta-feira, 30, novas listas de convoca\u00e7\u00e3o referentes ao processo seletivo simplificado, visando contrata\u00e7\u00e3o tempor\u00e1ria de professor regente B &#8211; PR-B (Edital n\u00ba 379), para atua\u00e7\u00e3o no ano letivo de 2019 na Rede Municipal de Ensino. As listas contemplam as disciplinas de biologia, f\u00edsica, qu\u00edmica, espanhol, filosofia e sociologia. Os classificados dever\u00e3o comparecer ao Centro de Forma\u00e7\u00e3o do Professor (Avenida Get\u00falio Vargas, 200, Centro) nesta quinta-feira, 31, \u00e0s 8h30, para escolha da vaga. As listas de convoca\u00e7\u00e3o podem ser conferidas abaixo.<\/p>\n<p>Edital n\u00ba 379 \u2013\u00a0<a href=\"https:\/\/www.pjf.mg.gov.br\/e_atos\/e_atos_vis.php?id=66680\">Biologia<\/a><\/p>\n<p>Edital n\u00ba 379 \u2013\u00a0<a href=\"https:\/\/www.pjf.mg.gov.br\/e_atos\/e_atos_vis.php?id=66686\">F\u00edsica<\/a><\/p>\n<p>Edital n\u00ba 379 \u2013\u00a0<a href=\"https:\/\/www.pjf.mg.gov.br\/e_atos\/e_atos_vis.php?id=66685\">Qu\u00edmica<\/a><\/p>\n<p>Edital n\u00ba 379 \u2013\u00a0<a href=\"https:\/\/www.pjf.mg.gov.br\/e_atos\/e_atos_vis.php?id=66683\">Espanhol<\/a><\/p>\n<p>Edital n\u00ba 379 \u2013\u00a0<a href=\"https:\/\/www.pjf.mg.gov.br\/e_atos\/e_atos_vis.php?id=66684\">Filosofia<\/a><\/p>\n<p>Edital n\u00ba 379 \u2013\u00a0<a href=\"https:\/\/www.pjf.mg.gov.br\/e_atos\/e_atos_vis.php?id=66687\">Sociologia<\/a><\/p>\n<p><em>Fonte: Assessoria<\/em><\/p>\n","protected":false},"excerpt":{"rendered":"<p>A Prefeitura de Juiz de Fora (PJF), atrav\u00e9s das secretarias de Administra\u00e7\u00e3o e Recursos Humanos (SARH) e Educa\u00e7\u00e3o (SE), divulgou nesta quarta-feira, 30, novas listas de convoca\u00e7\u00e3o referentes ao processo seletivo simplificado, visando contrata\u00e7\u00e3o tempor\u00e1ria de professor regente B &#8211; PR-B (Edital n\u00ba 379), para atua\u00e7\u00e3o no ano letivo de 2019 na Rede Municipal de [&hellip;]<\/p>\n","protected":false},"author":96,"featured_media":0,"comment_status":"closed","ping_status":"closed","sticky":false,"template":"","format":"standard","meta":{"footnotes":""},"categories":[253,439],"tags":[],"class_list":["post-132574","post","type-post","status-publish","format-standard","hentry","category-cidade","category-ultima-hora"],"_links":{"self":[{"href":"https:\/\/diarioregionaldigital.com.br\/index.php?rest_route=\/wp\/v2\/posts\/132574","targetHints":{"allow":["GET"]}}],"collection":[{"href":"https:\/\/diarioregionaldigital.com.br\/index.php?rest_route=\/wp\/v2\/posts"}],"about":[{"href":"https:\/\/diarioregionaldigital.com.br\/index.php?rest_route=\/wp\/v2\/types\/post"}],"author":[{"embeddable":true,"href":"https:\/\/diarioregionaldigital.com.br\/index.php?rest_route=\/wp\/v2\/users\/96"}],"replies":[{"embeddable":true,"href":"https:\/\/diarioregionaldigital.com.br\/index.php?rest_route=%2Fwp%2Fv2%2Fcomments&post=132574"}],"version-history":[{"count":0,"href":"https:\/\/diarioregionaldigital.com.br\/index.php?rest_route=\/wp\/v2\/posts\/132574\/revisions"}],"wp:attachment":[{"href":"https:\/\/diarioregionaldigital.com.br\/index.php?rest_route=%2Fwp%2Fv2%2Fmedia&parent=132574"}],"wp:term":[{"taxonomy":"category","embeddable":true,"href":"https:\/\/diarioregionaldigital.com.br\/index.php?rest_route=%2Fwp%2Fv2%2Fcategories&post=132574"},{"taxonomy":"post_tag","embeddable":true,"href":"https:\/\/diarioregionaldigital.com.br\/index.php?rest_route=%2Fwp%2Fv2%2Ftags&post=132574"}],"curies":[{"name":"wp","href":"https:\/\/api.w.org\/{rel}","templated":true}]}}