{"id":132560,"date":"2019-01-31T08:35:57","date_gmt":"2019-01-31T10:35:57","guid":{"rendered":"https:\/\/diarioregionaldigital.com.br\/?p=132560"},"modified":"2019-01-31T08:49:20","modified_gmt":"2019-01-31T10:49:20","slug":"pjf-divulga-data-do-pagamento-de-janeiro-a-servidores","status":"publish","type":"post","link":"https:\/\/diarioregionaldigital.com.br\/?p=132560","title":{"rendered":"PJF divulga data do pagamento de janeiro a servidores"},"content":{"rendered":"<p>O pagamento dos servidores da Prefeitura de Juiz de Fora (PJF), referente a janeiro, ser\u00e1 realizado na quinta-feira, 7 de fevereiro, quinto dia \u00fatil do m\u00eas.Tamb\u00e9m no dia 7, na mesma folha, ser\u00e1 feito o pagamento do Adicional Anual de Incentivo ao Magist\u00e9rio (AAIM) dos servidores efetivos do quadro do magist\u00e9rio. J\u00e1 os funcion\u00e1rios com contratos tempor\u00e1rios receber\u00e3o o adicional na rescis\u00e3o contratual.<\/p>\n<p><em>Fonte: Assessoria<\/em><\/p>\n","protected":false},"excerpt":{"rendered":"<p>O pagamento dos servidores da Prefeitura de Juiz de Fora (PJF), referente a janeiro, ser\u00e1 realizado na quinta-feira, 7 de fevereiro, quinto dia \u00fatil do m\u00eas.Tamb\u00e9m no dia 7, na mesma folha, ser\u00e1 feito o pagamento do Adicional Anual de Incentivo ao Magist\u00e9rio (AAIM) dos servidores efetivos do quadro do magist\u00e9rio. J\u00e1 os funcion\u00e1rios com [&hellip;]<\/p>\n","protected":false},"author":96,"featured_media":132561,"comment_status":"closed","ping_status":"closed","sticky":false,"template":"","format":"standard","meta":{"footnotes":""},"categories":[253,440,439],"tags":[],"class_list":["post-132560","post","type-post","status-publish","format-standard","has-post-thumbnail","hentry","category-cidade","category-destaques-do-dia","category-ultima-hora"],"_links":{"self":[{"href":"https:\/\/diarioregionaldigital.com.br\/index.php?rest_route=\/wp\/v2\/posts\/132560","targetHints":{"allow":["GET"]}}],"collection":[{"href":"https:\/\/diarioregionaldigital.com.br\/index.php?rest_route=\/wp\/v2\/posts"}],"about":[{"href":"https:\/\/diarioregionaldigital.com.br\/index.php?rest_route=\/wp\/v2\/types\/post"}],"author":[{"embeddable":true,"href":"https:\/\/diarioregionaldigital.com.br\/index.php?rest_route=\/wp\/v2\/users\/96"}],"replies":[{"embeddable":true,"href":"https:\/\/diarioregionaldigital.com.br\/index.php?rest_route=%2Fwp%2Fv2%2Fcomments&post=132560"}],"version-history":[{"count":0,"href":"https:\/\/diarioregionaldigital.com.br\/index.php?rest_route=\/wp\/v2\/posts\/132560\/revisions"}],"wp:featuredmedia":[{"embeddable":true,"href":"https:\/\/diarioregionaldigital.com.br\/index.php?rest_route=\/wp\/v2\/media\/132561"}],"wp:attachment":[{"href":"https:\/\/diarioregionaldigital.com.br\/index.php?rest_route=%2Fwp%2Fv2%2Fmedia&parent=132560"}],"wp:term":[{"taxonomy":"category","embeddable":true,"href":"https:\/\/diarioregionaldigital.com.br\/index.php?rest_route=%2Fwp%2Fv2%2Fcategories&post=132560"},{"taxonomy":"post_tag","embeddable":true,"href":"https:\/\/diarioregionaldigital.com.br\/index.php?rest_route=%2Fwp%2Fv2%2Ftags&post=132560"}],"curies":[{"name":"wp","href":"https:\/\/api.w.org\/{rel}","templated":true}]}}