{"id":132555,"date":"2019-01-31T06:00:56","date_gmt":"2019-01-31T08:00:56","guid":{"rendered":"https:\/\/diarioregionaldigital.com.br\/?p=132555"},"modified":"2019-01-30T21:21:00","modified_gmt":"2019-01-30T23:21:00","slug":"a-forma-originaria-das-coisas-4","status":"publish","type":"post","link":"https:\/\/diarioregionaldigital.com.br\/?p=132555","title":{"rendered":"A Forma Origin\u00e1ria das Coisas"},"content":{"rendered":"<p style=\"text-align: center;\"><strong>O homem \u00e9 a suprema manifesta\u00e7\u00e3o de Deus <\/strong><br \/>\nO homem se expressa como a suprema auto manifesta\u00e7\u00e3o de Deus. Como todos os seres vivos receberam a Vida de Deus, todos eles s\u00e3o irm\u00e3os. Por\u00e9m, isto n\u00e3o significa que a evolu\u00e7\u00e3o dos seres vivos, causada pela sobreviv\u00eancia dos mais fortes \u2013 e que provocou sua mudan\u00e7a paulatina para adapta\u00e7\u00e3o ao ambiente \u2013 possa significar a transforma\u00e7\u00e3o do macaco em homem.<br \/>\nCaso a forma f\u00edsica, que se alterou para se adaptar ao novo ambiente ap\u00f3s uma gera\u00e7\u00e3o, volte a experimentar as condi\u00e7\u00f5es ambientais primitivas, ela tornar\u00e1 ao seu aspecto anterior, \u00e0 sua forma original. N\u00e3o existe uma mudan\u00e7a programada e paulatina, a ser acrescida eternamente de gera\u00e7\u00e3o em gera\u00e7\u00e3o. Pelo contr\u00e1rio: a transforma\u00e7\u00e3o da forma \u00e9 um evento inesperado e repentino. Tal mudan\u00e7a s\u00fabita se processa quando o &#8220;elemento essencial da mat\u00e9ria&#8221; se organiza de modo a atingir certo princ\u00edpio ou fundamento. Ent\u00e3o, uma nova &#8220;ideia&#8221; vem do C\u00e9u, aproveitando-se do princ\u00edpio ou fundamento assim constitu\u00eddo. Compara-se \u00e0 transforma\u00e7\u00e3o do r\u00e1dio em televis\u00e3o. O &#8220;elemento essencial de mat\u00e9ria&#8221;, nesse caso, \u00e9 o r\u00e1dio \u2013 que \u00e9 organizado de modo a captar o programa de transmiss\u00e3o da voz. A partir do fundamento do r\u00e1dio, chega-se ao processamento de elementos mais complexos e, inesperadamente, consegue-se captar o mesmo programa tamb\u00e9m sob a forma de imagens.<\/p>\n<p style=\"text-align: center;\"><strong>A &#8220;sabedoria ordenadora&#8221; est\u00e1 manifestada na Vida <\/strong><br \/>\nSe apreendermos a &#8220;sabedoria que ordena&#8221;, isto \u00e9, a &#8220;sabedoria que harmoniza&#8221; \u2013 e procurarmos manter um relacionamento harmonioso com todas as coisas, fatos e pessoas \u2013, nossa vida, nossas vestimentas, a distribui\u00e7\u00e3o do tempo e todas as demais normas de vida sofrer\u00e3o mudan\u00e7as. A alimenta\u00e7\u00e3o tornar-se-\u00e1 simples, o alimento indigesto n\u00e3o mais ser\u00e1 servido \u00e0 mesa, e as palavras trocadas entre os familiares ser\u00e3o naturalmente pac\u00edficas e harmoniosas.<br \/>\nO homem n\u00e3o deve se prender ao err\u00f4neo e generalizado conceito nutricionista existente de que, se o alimento n\u00e3o for elaborado e balanceado, n\u00e3o se consegue uma perfeita nutri\u00e7\u00e3o. Seria oportuna a leitura do livro intitulado Eiv\u00f4 no Kagaku (Ci\u00eancia da Nutri\u00e7\u00e3o), de autoria de Sanehide Komai, para se conhecer o conceito correto de alimenta\u00e7\u00e3o \u2013 completamente oposto \u00e0s ideias sobre nutri\u00e7\u00e3o aceitas at\u00e9 agora. N\u00e3o se deve acreditar, por exemplo, que a exclus\u00e3o da carne impe\u00e7a o homem de conseguir uma nutri\u00e7\u00e3o considerada ideal e perfeita.<br \/>\nMinha m\u00e3e adotiva, que nunca se alimentou de carne, est\u00e1 com 95 anos e ainda \u00e9 saud\u00e1vel. A quantidade apropriada de alimentos leves mant\u00e9m o esp\u00edrito purificado, al\u00e9m de conservar e prolongar a sa\u00fade por mais tempo.<\/p>\n","protected":false},"excerpt":{"rendered":"<p>O homem \u00e9 a suprema manifesta\u00e7\u00e3o de Deus O homem se expressa como a suprema auto manifesta\u00e7\u00e3o de Deus. Como todos os seres vivos receberam a Vida de Deus, todos eles s\u00e3o irm\u00e3os. Por\u00e9m, isto n\u00e3o significa que a evolu\u00e7\u00e3o dos seres vivos, causada pela sobreviv\u00eancia dos mais fortes \u2013 e que provocou sua mudan\u00e7a [&hellip;]<\/p>\n","protected":false},"author":96,"featured_media":0,"comment_status":"closed","ping_status":"closed","sticky":false,"template":"","format":"standard","meta":{"footnotes":""},"categories":[263],"tags":[],"class_list":["post-132555","post","type-post","status-publish","format-standard","hentry","category-jane-aragao"],"_links":{"self":[{"href":"https:\/\/diarioregionaldigital.com.br\/index.php?rest_route=\/wp\/v2\/posts\/132555","targetHints":{"allow":["GET"]}}],"collection":[{"href":"https:\/\/diarioregionaldigital.com.br\/index.php?rest_route=\/wp\/v2\/posts"}],"about":[{"href":"https:\/\/diarioregionaldigital.com.br\/index.php?rest_route=\/wp\/v2\/types\/post"}],"author":[{"embeddable":true,"href":"https:\/\/diarioregionaldigital.com.br\/index.php?rest_route=\/wp\/v2\/users\/96"}],"replies":[{"embeddable":true,"href":"https:\/\/diarioregionaldigital.com.br\/index.php?rest_route=%2Fwp%2Fv2%2Fcomments&post=132555"}],"version-history":[{"count":0,"href":"https:\/\/diarioregionaldigital.com.br\/index.php?rest_route=\/wp\/v2\/posts\/132555\/revisions"}],"wp:attachment":[{"href":"https:\/\/diarioregionaldigital.com.br\/index.php?rest_route=%2Fwp%2Fv2%2Fmedia&parent=132555"}],"wp:term":[{"taxonomy":"category","embeddable":true,"href":"https:\/\/diarioregionaldigital.com.br\/index.php?rest_route=%2Fwp%2Fv2%2Fcategories&post=132555"},{"taxonomy":"post_tag","embeddable":true,"href":"https:\/\/diarioregionaldigital.com.br\/index.php?rest_route=%2Fwp%2Fv2%2Ftags&post=132555"}],"curies":[{"name":"wp","href":"https:\/\/api.w.org\/{rel}","templated":true}]}}