{"id":132547,"date":"2019-01-31T06:00:21","date_gmt":"2019-01-31T08:00:21","guid":{"rendered":"https:\/\/diarioregionaldigital.com.br\/?p=132547"},"modified":"2019-01-30T18:56:43","modified_gmt":"2019-01-30T20:56:43","slug":"prefeitura-de-tocantins-licitacao-no011-31-01-19","status":"publish","type":"post","link":"https:\/\/diarioregionaldigital.com.br\/?p=132547","title":{"rendered":"Prefeitura de Tocantins &#8211; Licita\u00e7\u00e3o n\u00ba011 &#8211; 31\/01\/19"},"content":{"rendered":"<p style=\"margin: 0cm; margin-bottom: .0001pt; text-align: center; background: white;\" align=\"center\"><b><span style=\"font-family: 'Arial','sans-serif'; color: black;\">AVISO DE LICITA\u00c7\u00c3O<\/span><\/b><\/p>\n<p style=\"margin: 0cm; margin-bottom: .0001pt; text-align: center; background: white;\" align=\"center\"><b><span style=\"font-family: 'Arial','sans-serif'; color: black;\">Licita\u00e7\u00e3o n\u00b0 011\/2019<\/span><\/b><\/p>\n<p style=\"margin: 0cm; margin-bottom: .0001pt; text-align: center; background: white;\" align=\"center\"><b><span style=\"font-family: 'Arial','sans-serif'; color: black;\">Modalidade de Preg\u00e3o Presencial n\u00b0 010\/2019<\/span><\/b><\/p>\n<p style=\"margin: 0cm 0cm 0.0001pt; background: white; text-align: center;\"><span style=\"font-family: 'Arial','sans-serif'; color: black;\">O Munic\u00edpio de TOCANTINS, na forma da lei, faz saber a todos os interessados que far\u00e1 licita\u00e7\u00e3o na modalidade de preg\u00e3o presencial para\u00a0<\/span><span style=\"color: black;\">a\u00a0<\/span><span style=\"font-family: 'Arial','sans-serif'; color: black;\">\u201ccontrata\u00e7\u00e3o de banda estilo INSTRUMENTAL e sopro para apresenta\u00e7\u00e3o no carnaval 2019, com repert\u00f3rio estilo marchinhas, nas datas de 02\u00a0a 05 de mar\u00e7o deste ano de 2019 de 20:00 \u00e0s 24:00 horas, na pra\u00e7a do ros\u00e1rio, com composi\u00e7\u00e3o m\u00ednima de 12 membros\u201d, no dia 13\/02\/2019 as 16:00 horas na sala da comiss\u00e3o de licita\u00e7\u00e3o, localizada na Av. Padre Mac\u00e1rio, n\u00b0 129, bairro Centro, munic\u00edpio de TOCANTINS. O edital completo encontra-se a disposi\u00e7\u00e3o dos interessados no endere\u00e7o citado anteriormente, no hor\u00e1rio de expediente de 8:00 as 11:00 horas e 13:00 as 16:00 horas.TOCANTINS, 29 de janeiro de 2019.<\/span><\/p>\n<p style=\"margin: 0cm 0cm 0.0001pt; background: white; text-align: center;\"><b><span style=\"color: black;\">LUIZ FERNANDO BARBOSA DA SILVA &#8211;\u00a0PREGOEIRO<\/span><\/b><\/p>\n","protected":false},"excerpt":{"rendered":"<p>AVISO DE LICITA\u00c7\u00c3O Licita\u00e7\u00e3o n\u00b0 011\/2019 Modalidade de Preg\u00e3o Presencial n\u00b0 010\/2019 O Munic\u00edpio de TOCANTINS, na forma da lei, faz saber a todos os interessados que far\u00e1 licita\u00e7\u00e3o na modalidade de preg\u00e3o presencial para\u00a0a\u00a0\u201ccontrata\u00e7\u00e3o de banda estilo INSTRUMENTAL e sopro para apresenta\u00e7\u00e3o no carnaval 2019, com repert\u00f3rio estilo marchinhas, nas datas de 02\u00a0a 05 [&hellip;]<\/p>\n","protected":false},"author":96,"featured_media":0,"comment_status":"closed","ping_status":"closed","sticky":false,"template":"","format":"standard","meta":{"footnotes":""},"categories":[307],"tags":[],"class_list":["post-132547","post","type-post","status-publish","format-standard","hentry","category-editais"],"_links":{"self":[{"href":"https:\/\/diarioregionaldigital.com.br\/index.php?rest_route=\/wp\/v2\/posts\/132547","targetHints":{"allow":["GET"]}}],"collection":[{"href":"https:\/\/diarioregionaldigital.com.br\/index.php?rest_route=\/wp\/v2\/posts"}],"about":[{"href":"https:\/\/diarioregionaldigital.com.br\/index.php?rest_route=\/wp\/v2\/types\/post"}],"author":[{"embeddable":true,"href":"https:\/\/diarioregionaldigital.com.br\/index.php?rest_route=\/wp\/v2\/users\/96"}],"replies":[{"embeddable":true,"href":"https:\/\/diarioregionaldigital.com.br\/index.php?rest_route=%2Fwp%2Fv2%2Fcomments&post=132547"}],"version-history":[{"count":0,"href":"https:\/\/diarioregionaldigital.com.br\/index.php?rest_route=\/wp\/v2\/posts\/132547\/revisions"}],"wp:attachment":[{"href":"https:\/\/diarioregionaldigital.com.br\/index.php?rest_route=%2Fwp%2Fv2%2Fmedia&parent=132547"}],"wp:term":[{"taxonomy":"category","embeddable":true,"href":"https:\/\/diarioregionaldigital.com.br\/index.php?rest_route=%2Fwp%2Fv2%2Fcategories&post=132547"},{"taxonomy":"post_tag","embeddable":true,"href":"https:\/\/diarioregionaldigital.com.br\/index.php?rest_route=%2Fwp%2Fv2%2Ftags&post=132547"}],"curies":[{"name":"wp","href":"https:\/\/api.w.org\/{rel}","templated":true}]}}