{"id":132537,"date":"2019-01-31T06:00:07","date_gmt":"2019-01-31T08:00:07","guid":{"rendered":"https:\/\/diarioregionaldigital.com.br\/?p=132537"},"modified":"2019-01-30T18:48:57","modified_gmt":"2019-01-30T20:48:57","slug":"hanseniase-dermatologista-fala-sobre-o-tratamento-da-doenca","status":"publish","type":"post","link":"https:\/\/diarioregionaldigital.com.br\/?p=132537","title":{"rendered":"HANSEN\u00cdASE: dermatologista fala sobre o tratamento da doen\u00e7a"},"content":{"rendered":"<p>O \u201cJaneiro Roxo\u201d \u00e9 marcado como m\u00eas de combate e preven\u00e7\u00e3o para o tratamento precoce e enfrentamento da Hansen\u00edase, considerada uma das doen\u00e7as mais antigas da humanidade. Entre os dias 27 e 31 de janeiro \u00e9 celebrada a Semana Mundial de Enfrentamento \u00e0 Hansen\u00edase.<\/p>\n<p>De acordo com os dados do Minist\u00e9rio da Sa\u00fade, em 2016 mais de 28.000 novos casos da doen\u00e7a foram registrados no Brasil. Ainda no mesmo ano, o Minist\u00e9rio oficializou o m\u00eas de janeiro e consolidou a cor roxa para a campanhas educativas sobre a hansen\u00edase. Em 2017, foram detectados 1.095 novos casos da doen\u00e7a em todo o Estado, o que representa uma taxa de 5,18 casos a cada 100 mil habitantes. De 2011 a 2017, houve uma m\u00e9dia de evolu\u00e7\u00e3o de 88,2% dos casos para a cura. Os dados de 2018 s\u00e3o fechados somente no final do m\u00eas de mar\u00e7o, quando \u00e9 finalizado o banco de dados do Minist\u00e9rio da Sa\u00fade. Entretanto, conforme dados preliminares, no \u00faltimo foram registrados 978 novos casos da doen\u00e7a no estado.<\/p>\n<p>Durante todo o m\u00eas, s\u00e3o promovidas a\u00e7\u00f5es de conscientiza\u00e7\u00e3o sobre a doen\u00e7a para marcar o Dia Nacional de Combate e Preven\u00e7\u00e3o, que \u00e9 lembrado no \u00faltimo domingo do m\u00eas.Segundo a SBH, Sociedade Brasileira de Hansenologia, que\u00a0lan\u00e7ou a campanha nacional e permanente \u201cTodos Contra a Hansen\u00edase\u201d, a doen\u00e7a coloca o Brasil em segundo lugar em n\u00famero de casos, atr\u00e1s apenas da \u00cdndia.<\/p>\n<p>A Hansen\u00edase \u00e9 causada pelo bacilo Mycobacterium leprae, e tem como principais sintomas manchas na pele, dorm\u00eancias e diminui\u00e7\u00e3o de for\u00e7a nas m\u00e3os e nos p\u00e9s. A doen\u00e7a \u00e9 transmitida pelo contato prolongado e frequente com a pessoa infectada. Annair Freitas do Valle, M\u00e9dica Dermatologista, explica que \u201ca transmiss\u00e3o \u00e9 principalmente atrav\u00e9s das vias a\u00e9reas superiores e mucosas (nasal e got\u00edculas de saliva) e tamb\u00e9m quando existem les\u00f5es ulceradas na pele. Trata &#8211; se de uma doen\u00e7a dermatoneurol\u00f3gica\u201d, disse. Ela ainda explica que a Hansen\u00edase pode evoluir em dire\u00e7\u00e3o a um de seus polos, encontrando-se 2 formas polares e 2 grupos. \u201cFormas \u2018Tubercul\u00f3ide\u2019 e\u2018Virchowiana\u2019 e grupos \u2018Indeterminado\u2019 e \u2018Dimorfo\u2019.Para o tratamento os doentes s\u00e3o classificados em paucibacilares (PB &#8211; presen\u00e7a de at\u00e9 cinco les\u00f5es de pele com baciloscopia negativa) ou multibacilares (MB &#8211; presen\u00e7a de seis ou mais les\u00f5es de pele ou baciloscopia positiva)\u201d, disse.<\/p>\n<p>A Dermatologista explica que os sinais v\u00e3o depender da fase da doen\u00e7a e consistem em manchashipocr\u00f4micas, n\u00f3dulos, placas, infiltra\u00e7\u00f5es,\u00falceras, calosidades, com pouca ou sem sensibilidade. Podem ocorrer tamb\u00e9m \u00e1reas de pele sem pelos,que n\u00e3o suam, espessamento e\/ou dor dos nervos perif\u00e9ricos, formigamentos ou dorm\u00eancia nas m\u00e3os e\/ou p\u00e9s. Al\u00e9m disse, podem ocorrer perda de for\u00e7a muscular ou atrofias musculares.\u201cPode afetar qualquer idade, por\u00e9m \u00e9 mais raro em crian\u00e7as, principalmente porque o per\u00edodo de incuba\u00e7\u00e3o da doen\u00e7a varia de 2 a 10 anos, h\u00e1 uma discreta predile\u00e7\u00e3o para acometer o sexo masculino\u201d, informa Annair.<\/p>\n<p>A doen\u00e7a tem cura, mas exige um tratamento precoce para evitar sequelas graves. \u201cO tratamento indicado \u00e9 o esquema da poliquimioterapia(PQT), para PB por 6 meses e MB por 12 meses. Ambos com doses di\u00e1rias e doses mensais supervisionadas.\u00c9 muito importante que os pacientes n\u00e3o deixem de seguir o tratamento corretamente para evitar a progress\u00e3o da doen\u00e7a com a presen\u00e7a de sequelas\u201d, orienta. O tratamento ambulatorial \u00e9 oferecido gratuitamente pelo Sistema \u00danico de Sa\u00fade (SUS).<\/p>\n<p>&nbsp;<\/p>\n<p>&nbsp;<\/p>\n","protected":false},"excerpt":{"rendered":"<p>O \u201cJaneiro Roxo\u201d \u00e9 marcado como m\u00eas de combate e preven\u00e7\u00e3o para o tratamento precoce e enfrentamento da Hansen\u00edase, considerada uma das doen\u00e7as mais antigas da humanidade. Entre os dias 27 e 31 de janeiro \u00e9 celebrada a Semana Mundial de Enfrentamento \u00e0 Hansen\u00edase. De acordo com os dados do Minist\u00e9rio da Sa\u00fade, em 2016 [&hellip;]<\/p>\n","protected":false},"author":96,"featured_media":132539,"comment_status":"closed","ping_status":"closed","sticky":false,"template":"","format":"standard","meta":{"footnotes":""},"categories":[253,436,440,439],"tags":[],"class_list":["post-132537","post","type-post","status-publish","format-standard","has-post-thumbnail","hentry","category-cidade","category-destaque-da-semana","category-destaques-do-dia","category-ultima-hora"],"_links":{"self":[{"href":"https:\/\/diarioregionaldigital.com.br\/index.php?rest_route=\/wp\/v2\/posts\/132537","targetHints":{"allow":["GET"]}}],"collection":[{"href":"https:\/\/diarioregionaldigital.com.br\/index.php?rest_route=\/wp\/v2\/posts"}],"about":[{"href":"https:\/\/diarioregionaldigital.com.br\/index.php?rest_route=\/wp\/v2\/types\/post"}],"author":[{"embeddable":true,"href":"https:\/\/diarioregionaldigital.com.br\/index.php?rest_route=\/wp\/v2\/users\/96"}],"replies":[{"embeddable":true,"href":"https:\/\/diarioregionaldigital.com.br\/index.php?rest_route=%2Fwp%2Fv2%2Fcomments&post=132537"}],"version-history":[{"count":0,"href":"https:\/\/diarioregionaldigital.com.br\/index.php?rest_route=\/wp\/v2\/posts\/132537\/revisions"}],"wp:featuredmedia":[{"embeddable":true,"href":"https:\/\/diarioregionaldigital.com.br\/index.php?rest_route=\/wp\/v2\/media\/132539"}],"wp:attachment":[{"href":"https:\/\/diarioregionaldigital.com.br\/index.php?rest_route=%2Fwp%2Fv2%2Fmedia&parent=132537"}],"wp:term":[{"taxonomy":"category","embeddable":true,"href":"https:\/\/diarioregionaldigital.com.br\/index.php?rest_route=%2Fwp%2Fv2%2Fcategories&post=132537"},{"taxonomy":"post_tag","embeddable":true,"href":"https:\/\/diarioregionaldigital.com.br\/index.php?rest_route=%2Fwp%2Fv2%2Ftags&post=132537"}],"curies":[{"name":"wp","href":"https:\/\/api.w.org\/{rel}","templated":true}]}}