{"id":132533,"date":"2019-01-31T06:00:26","date_gmt":"2019-01-31T08:00:26","guid":{"rendered":"https:\/\/diarioregionaldigital.com.br\/?p=132533"},"modified":"2019-01-31T22:02:01","modified_gmt":"2019-02-01T00:02:01","slug":"edital-de-convocacao-assembleia-geral-ordinaria-31-01-19","status":"publish","type":"post","link":"https:\/\/diarioregionaldigital.com.br\/?p=132533","title":{"rendered":"Edital de Convoca\u00e7\u00e3o &#8211; Assembl\u00e9ia Geral Ordin\u00e1ria &#8211; 31\/01\/19"},"content":{"rendered":"<p style=\"text-align: center;\"><strong><span style=\"font-size: 14pt;\"><em><u>ASSOCIA\u00c7\u00c3O REGIONAL DOS PRODUTORES DE HORTIGRANJEIROS\u00a0 &#8211;\u00a0 ARPHORT<\/u><\/em><\/span><\/strong><\/p>\n<p style=\"text-align: center;\"><strong><span style=\"font-size: 12pt;\">ASSEMBL\u00c9IA GERAL ORDIN\u00c1RIA &#8211;\u00a0<\/span><span style=\"font-size: 12pt;\">EDITAL DE CONVOCA\u00c7\u00c3O<\/span><\/strong><\/p>\n<p style=\"text-align: left;\">De acordo com o ESTATUTO DA ASSOCIA\u00c7\u00c3O, ficam os Senhores Produtores convocados a apresentarem chapas para Elei\u00e7\u00e3o da nova Diretoria e Conselho Fiscal, para o bi\u00eanio 2019\/2021, per\u00edodo de 20 de mar\u00e7o de 2019 a 19 de mar\u00e7o de 2021, at\u00e9 as 17h00 min do dia 18 de fevereiro de 2019, e reuni\u00e3o ORDIN\u00c1RIA para vota\u00e7\u00e3o das chapas concorrentes no dia 21 de fevereiro de 2019, \u00e0s 10h00 horas em primeira convoca\u00e7\u00e3o e \u00e0s 11h00 em segunda convoca\u00e7\u00e3o, com qualquer n\u00famero de associados, a realizar-se na sede da Associa\u00e7\u00e3o, sita \u00e0 BR 040, Km 781, Bairro Santa Cruz, Sala n\u00ba03, nesta cidade de Juiz de Fora-MG.<\/p>\n<p><strong>Observa\u00e7\u00f5es:<\/strong><\/p>\n<p><strong>1\u00aa) <\/strong>A composi\u00e7\u00e3o das chapas dever\u00e1 constar nomes e assinaturas dos Associados.<\/p>\n<p><strong>2\u00aa) <\/strong>\u00a0Havendo chapa \u00fanica, a mesma estar\u00e1 automaticamente eleita para o per\u00edodo acima.<\/p>\n<p><strong>3\u00aa) <\/strong>Altera\u00e7\u00e3o de endere\u00e7o da sede para Av. Doutor Sime\u00e3o de Faria, n\u00ba 2.525, Bairro Santa Cruz, Juiz de Fora\/MG, CEP. 36.088-000.<\/p>\n<p>Juiz de Fora, 31 de janeiro de 2019.<\/p>\n<p style=\"text-align: center;\"><span style=\"font-size: 12pt;\"><strong><em>\u00c9lcio Miguel Ferreira &#8211;\u00a0<\/em><\/strong><strong><em>Presidente<\/em><\/strong><\/span><\/p>\n<p style=\"text-align: center;\"><span style=\"font-size: 12pt;\"><strong><em>Associa\u00e7\u00e3o dos Produtores <\/em><\/strong><\/span><\/p>\n","protected":false},"excerpt":{"rendered":"<p>ASSOCIA\u00c7\u00c3O REGIONAL DOS PRODUTORES DE HORTIGRANJEIROS\u00a0 &#8211;\u00a0 ARPHORT ASSEMBL\u00c9IA GERAL ORDIN\u00c1RIA &#8211;\u00a0EDITAL DE CONVOCA\u00c7\u00c3O De acordo com o ESTATUTO DA ASSOCIA\u00c7\u00c3O, ficam os Senhores Produtores convocados a apresentarem chapas para Elei\u00e7\u00e3o da nova Diretoria e Conselho Fiscal, para o bi\u00eanio 2019\/2021, per\u00edodo de 20 de mar\u00e7o de 2019 a 19 de mar\u00e7o de 2021, at\u00e9 [&hellip;]<\/p>\n","protected":false},"author":96,"featured_media":0,"comment_status":"closed","ping_status":"closed","sticky":false,"template":"","format":"standard","meta":{"footnotes":""},"categories":[307],"tags":[],"class_list":["post-132533","post","type-post","status-publish","format-standard","hentry","category-editais"],"_links":{"self":[{"href":"https:\/\/diarioregionaldigital.com.br\/index.php?rest_route=\/wp\/v2\/posts\/132533","targetHints":{"allow":["GET"]}}],"collection":[{"href":"https:\/\/diarioregionaldigital.com.br\/index.php?rest_route=\/wp\/v2\/posts"}],"about":[{"href":"https:\/\/diarioregionaldigital.com.br\/index.php?rest_route=\/wp\/v2\/types\/post"}],"author":[{"embeddable":true,"href":"https:\/\/diarioregionaldigital.com.br\/index.php?rest_route=\/wp\/v2\/users\/96"}],"replies":[{"embeddable":true,"href":"https:\/\/diarioregionaldigital.com.br\/index.php?rest_route=%2Fwp%2Fv2%2Fcomments&post=132533"}],"version-history":[{"count":0,"href":"https:\/\/diarioregionaldigital.com.br\/index.php?rest_route=\/wp\/v2\/posts\/132533\/revisions"}],"wp:attachment":[{"href":"https:\/\/diarioregionaldigital.com.br\/index.php?rest_route=%2Fwp%2Fv2%2Fmedia&parent=132533"}],"wp:term":[{"taxonomy":"category","embeddable":true,"href":"https:\/\/diarioregionaldigital.com.br\/index.php?rest_route=%2Fwp%2Fv2%2Fcategories&post=132533"},{"taxonomy":"post_tag","embeddable":true,"href":"https:\/\/diarioregionaldigital.com.br\/index.php?rest_route=%2Fwp%2Fv2%2Ftags&post=132533"}],"curies":[{"name":"wp","href":"https:\/\/api.w.org\/{rel}","templated":true}]}}