{"id":132522,"date":"2019-01-31T06:00:41","date_gmt":"2019-01-31T08:00:41","guid":{"rendered":"https:\/\/diarioregionaldigital.com.br\/?p=132522"},"modified":"2019-01-30T21:58:48","modified_gmt":"2019-01-30T23:58:48","slug":"beleza-e-tecnologia","status":"publish","type":"post","link":"https:\/\/diarioregionaldigital.com.br\/?p=132522","title":{"rendered":"Beleza e Tecnologia"},"content":{"rendered":"<p style=\"text-align: center;\"><span style=\"font-size: 12pt;\"><strong>Treinamento B\u00e1sico<\/strong><\/span><\/p>\n<p style=\"text-align: center;\">Dedicado a contabilistas, tributaristas, profissionais das \u00e1reas fiscal e de tecnologia da informa\u00e7\u00e3o, engenheiros e gestores de produ\u00e7\u00e3o e demais interessados, a FIEMG Regional Zona da Mata promoveu o treinamento \u201cAudit\u00f3rio em prepara\u00e7\u00e3o ao SPED Fiscal-Bloco k\u201d. Chamado tamb\u00e9m de EFD (Escritura\u00e7\u00e3o Fiscal Digital) \u00e9 o nome dado ao processo criado pela Receita Federal.<\/p>\n<p style=\"text-align: center;\"><span style=\"font-size: 12pt;\"><strong>Novidade<\/strong><\/span><\/p>\n<p style=\"text-align: center;\">Os m\u00fasicos Luismar Mendes e Luiz Rachid se apresentam no Assunta Forneria, hoje, para o coquetel de apresenta\u00e7\u00e3o da casa para realiza\u00e7\u00e3o de eventos.<\/p>\n<p style=\"text-align: center;\"><span style=\"font-size: 12pt;\"><strong>Beleza e Tecnologia<\/strong><\/span><\/p>\n<p style=\"text-align: center;\">Linda e antenada a ex-Miss e jornalista J\u00falia Horta agendou para os dia 16 e 17 de fevereiro, no Victory Hotel, o curso para digital influencer.<\/p>\n<div id=\"attachment_132510\" style=\"width: 690px\" class=\"wp-caption aligncenter\"><img loading=\"lazy\" decoding=\"async\" aria-describedby=\"caption-attachment-132510\" class=\"wp-image-132510\" src=\"https:\/\/diarioregionaldigital.com.br\/wp-content\/uploads\/2019\/01\/fotoa-7-e1548879308677.jpg\" alt=\"\" width=\"680\" height=\"584\" srcset=\"https:\/\/diarioregionaldigital.com.br\/wp-content\/uploads\/2019\/01\/fotoa-7-e1548879308677.jpg 1169w, https:\/\/diarioregionaldigital.com.br\/wp-content\/uploads\/2019\/01\/fotoa-7-e1548879308677-300x258.jpg 300w, https:\/\/diarioregionaldigital.com.br\/wp-content\/uploads\/2019\/01\/fotoa-7-e1548879308677-768x660.jpg 768w, https:\/\/diarioregionaldigital.com.br\/wp-content\/uploads\/2019\/01\/fotoa-7-e1548879308677-1024x879.jpg 1024w, https:\/\/diarioregionaldigital.com.br\/wp-content\/uploads\/2019\/01\/fotoa-7-e1548879308677-360x309.jpg 360w\" sizes=\"auto, (max-width: 680px) 100vw, 680px\" \/><p id=\"caption-attachment-132510\" class=\"wp-caption-text\">A modelo Anah Volute mostra o ver\u00e3o da Chanel, em desfile na cidade-luz Paris<\/p><\/div>\n<div id=\"attachment_132511\" style=\"width: 690px\" class=\"wp-caption aligncenter\"><img loading=\"lazy\" decoding=\"async\" aria-describedby=\"caption-attachment-132511\" class=\"wp-image-132511\" src=\"https:\/\/diarioregionaldigital.com.br\/wp-content\/uploads\/2019\/01\/fotob-9-e1548879334309.jpg\" alt=\"\" width=\"680\" height=\"476\" srcset=\"https:\/\/diarioregionaldigital.com.br\/wp-content\/uploads\/2019\/01\/fotob-9-e1548879334309.jpg 1677w, https:\/\/diarioregionaldigital.com.br\/wp-content\/uploads\/2019\/01\/fotob-9-e1548879334309-300x210.jpg 300w, https:\/\/diarioregionaldigital.com.br\/wp-content\/uploads\/2019\/01\/fotob-9-e1548879334309-768x537.jpg 768w, https:\/\/diarioregionaldigital.com.br\/wp-content\/uploads\/2019\/01\/fotob-9-e1548879334309-1024x716.jpg 1024w, https:\/\/diarioregionaldigital.com.br\/wp-content\/uploads\/2019\/01\/fotob-9-e1548879334309-360x252.jpg 360w, https:\/\/diarioregionaldigital.com.br\/wp-content\/uploads\/2019\/01\/fotob-9-e1548879334309-100x70.jpg 100w\" sizes=\"auto, (max-width: 680px) 100vw, 680px\" \/><p id=\"caption-attachment-132511\" class=\"wp-caption-text\">Em Santa Luzia em noite de Parab\u00e9ns, Cesar Monteiro, Bruno Petermann, Rafael Oliveira, Tales Fernando, Tiago Izidoro e Isaac Carlos<\/p><\/div>\n<div id=\"attachment_132512\" style=\"width: 690px\" class=\"wp-caption aligncenter\"><img loading=\"lazy\" decoding=\"async\" aria-describedby=\"caption-attachment-132512\" class=\"wp-image-132512\" src=\"https:\/\/diarioregionaldigital.com.br\/wp-content\/uploads\/2019\/01\/fotoc-7-e1548879359534.jpg\" alt=\"\" width=\"680\" height=\"482\" srcset=\"https:\/\/diarioregionaldigital.com.br\/wp-content\/uploads\/2019\/01\/fotoc-7-e1548879359534.jpg 1587w, https:\/\/diarioregionaldigital.com.br\/wp-content\/uploads\/2019\/01\/fotoc-7-e1548879359534-300x212.jpg 300w, https:\/\/diarioregionaldigital.com.br\/wp-content\/uploads\/2019\/01\/fotoc-7-e1548879359534-768x544.jpg 768w, https:\/\/diarioregionaldigital.com.br\/wp-content\/uploads\/2019\/01\/fotoc-7-e1548879359534-1024x725.jpg 1024w, https:\/\/diarioregionaldigital.com.br\/wp-content\/uploads\/2019\/01\/fotoc-7-e1548879359534-750x530.jpg 750w, https:\/\/diarioregionaldigital.com.br\/wp-content\/uploads\/2019\/01\/fotoc-7-e1548879359534-360x255.jpg 360w, https:\/\/diarioregionaldigital.com.br\/wp-content\/uploads\/2019\/01\/fotoc-7-e1548879359534-100x70.jpg 100w\" sizes=\"auto, (max-width: 680px) 100vw, 680px\" \/><p id=\"caption-attachment-132512\" class=\"wp-caption-text\">Em Arma\u00e7\u00e3o de B\u00fazios, os queridos Souza Gomes, Diogo, Norma e Vitor<\/p><\/div>\n<div id=\"attachment_132513\" style=\"width: 690px\" class=\"wp-caption aligncenter\"><img loading=\"lazy\" decoding=\"async\" aria-describedby=\"caption-attachment-132513\" class=\"wp-image-132513\" src=\"https:\/\/diarioregionaldigital.com.br\/wp-content\/uploads\/2019\/01\/fotod-7.jpg\" alt=\"\" width=\"680\" height=\"449\" srcset=\"https:\/\/diarioregionaldigital.com.br\/wp-content\/uploads\/2019\/01\/fotod-7.jpg 1770w, https:\/\/diarioregionaldigital.com.br\/wp-content\/uploads\/2019\/01\/fotod-7-300x198.jpg 300w, https:\/\/diarioregionaldigital.com.br\/wp-content\/uploads\/2019\/01\/fotod-7-768x508.jpg 768w, https:\/\/diarioregionaldigital.com.br\/wp-content\/uploads\/2019\/01\/fotod-7-1024x677.jpg 1024w, https:\/\/diarioregionaldigital.com.br\/wp-content\/uploads\/2019\/01\/fotod-7-1440x950.jpg 1440w, https:\/\/diarioregionaldigital.com.br\/wp-content\/uploads\/2019\/01\/fotod-7-360x238.jpg 360w\" sizes=\"auto, (max-width: 680px) 100vw, 680px\" \/><p id=\"caption-attachment-132513\" class=\"wp-caption-text\">Lan\u00e7ando o projeto Estrat\u00e9gia Digital, os empreendedores, Sussu Couto, Douglas Costa e Rafaela Perisin<\/p><\/div>\n<div id=\"attachment_132514\" style=\"width: 690px\" class=\"wp-caption aligncenter\"><img loading=\"lazy\" decoding=\"async\" aria-describedby=\"caption-attachment-132514\" class=\"wp-image-132514\" src=\"https:\/\/diarioregionaldigital.com.br\/wp-content\/uploads\/2019\/01\/fotoe-8-e1548879413438.jpg\" alt=\"\" width=\"680\" height=\"538\" srcset=\"https:\/\/diarioregionaldigital.com.br\/wp-content\/uploads\/2019\/01\/fotoe-8-e1548879413438.jpg 1179w, https:\/\/diarioregionaldigital.com.br\/wp-content\/uploads\/2019\/01\/fotoe-8-e1548879413438-300x237.jpg 300w, https:\/\/diarioregionaldigital.com.br\/wp-content\/uploads\/2019\/01\/fotoe-8-e1548879413438-768x608.jpg 768w, https:\/\/diarioregionaldigital.com.br\/wp-content\/uploads\/2019\/01\/fotoe-8-e1548879413438-1024x810.jpg 1024w, https:\/\/diarioregionaldigital.com.br\/wp-content\/uploads\/2019\/01\/fotoe-8-e1548879413438-360x285.jpg 360w\" sizes=\"auto, (max-width: 680px) 100vw, 680px\" \/><p id=\"caption-attachment-132514\" class=\"wp-caption-text\">Lindos na Aldeia das \u00c1guas em Barra do Pira\u00ed, Emilainy Werneck e Victor Maia<\/p><\/div>\n<div id=\"attachment_132515\" style=\"width: 690px\" class=\"wp-caption aligncenter\"><img loading=\"lazy\" decoding=\"async\" aria-describedby=\"caption-attachment-132515\" class=\"wp-image-132515\" src=\"https:\/\/diarioregionaldigital.com.br\/wp-content\/uploads\/2019\/01\/fotof-8.jpg\" alt=\"\" width=\"680\" height=\"455\" srcset=\"https:\/\/diarioregionaldigital.com.br\/wp-content\/uploads\/2019\/01\/fotof-8.jpg 1758w, https:\/\/diarioregionaldigital.com.br\/wp-content\/uploads\/2019\/01\/fotof-8-300x201.jpg 300w, https:\/\/diarioregionaldigital.com.br\/wp-content\/uploads\/2019\/01\/fotof-8-768x514.jpg 768w, https:\/\/diarioregionaldigital.com.br\/wp-content\/uploads\/2019\/01\/fotof-8-1024x685.jpg 1024w, https:\/\/diarioregionaldigital.com.br\/wp-content\/uploads\/2019\/01\/fotof-8-360x241.jpg 360w\" sizes=\"auto, (max-width: 680px) 100vw, 680px\" \/><p id=\"caption-attachment-132515\" class=\"wp-caption-text\">Homens de atitude no Cogumelo Bistr\u00f4, em Maring\u00e1 de Minas, Felipe Barros e Carlos Vieira (aniversariando)<\/p><\/div>\n<div id=\"attachment_132516\" style=\"width: 690px\" class=\"wp-caption aligncenter\"><img loading=\"lazy\" decoding=\"async\" aria-describedby=\"caption-attachment-132516\" class=\"wp-image-132516\" src=\"https:\/\/diarioregionaldigital.com.br\/wp-content\/uploads\/2019\/01\/fotog-9-e1548879441184.jpg\" alt=\"\" width=\"680\" height=\"512\" srcset=\"https:\/\/diarioregionaldigital.com.br\/wp-content\/uploads\/2019\/01\/fotog-9-e1548879441184.jpg 1176w, https:\/\/diarioregionaldigital.com.br\/wp-content\/uploads\/2019\/01\/fotog-9-e1548879441184-300x226.jpg 300w, https:\/\/diarioregionaldigital.com.br\/wp-content\/uploads\/2019\/01\/fotog-9-e1548879441184-768x578.jpg 768w, https:\/\/diarioregionaldigital.com.br\/wp-content\/uploads\/2019\/01\/fotog-9-e1548879441184-1024x771.jpg 1024w, https:\/\/diarioregionaldigital.com.br\/wp-content\/uploads\/2019\/01\/fotog-9-e1548879441184-360x271.jpg 360w\" sizes=\"auto, (max-width: 680px) 100vw, 680px\" \/><p id=\"caption-attachment-132516\" class=\"wp-caption-text\">O charme de Fred Martins no ver\u00e3o do Rio de Janeiro<\/p><\/div>\n<div id=\"attachment_132518\" style=\"width: 690px\" class=\"wp-caption aligncenter\"><img loading=\"lazy\" decoding=\"async\" aria-describedby=\"caption-attachment-132518\" class=\"wp-image-132518\" src=\"https:\/\/diarioregionaldigital.com.br\/wp-content\/uploads\/2019\/01\/fotoi-8-e1548879505882.jpg\" alt=\"\" width=\"680\" height=\"515\" srcset=\"https:\/\/diarioregionaldigital.com.br\/wp-content\/uploads\/2019\/01\/fotoi-8-e1548879505882.jpg 1173w, https:\/\/diarioregionaldigital.com.br\/wp-content\/uploads\/2019\/01\/fotoi-8-e1548879505882-300x227.jpg 300w, https:\/\/diarioregionaldigital.com.br\/wp-content\/uploads\/2019\/01\/fotoi-8-e1548879505882-768x582.jpg 768w, https:\/\/diarioregionaldigital.com.br\/wp-content\/uploads\/2019\/01\/fotoi-8-e1548879505882-1024x776.jpg 1024w, https:\/\/diarioregionaldigital.com.br\/wp-content\/uploads\/2019\/01\/fotoi-8-e1548879505882-360x273.jpg 360w\" sizes=\"auto, (max-width: 680px) 100vw, 680px\" \/><p id=\"caption-attachment-132518\" class=\"wp-caption-text\">Fazendo social na formatura de Direito do Vianna J\u00fanior, o coiffeur Igor Boscato (Studio Bardot) e o cantor Gael<\/p><\/div>\n<div id=\"attachment_132517\" style=\"width: 690px\" class=\"wp-caption aligncenter\"><img loading=\"lazy\" decoding=\"async\" aria-describedby=\"caption-attachment-132517\" class=\"wp-image-132517\" src=\"https:\/\/diarioregionaldigital.com.br\/wp-content\/uploads\/2019\/01\/fotoh-8-e1548879463341.jpg\" alt=\"\" width=\"680\" height=\"483\" srcset=\"https:\/\/diarioregionaldigital.com.br\/wp-content\/uploads\/2019\/01\/fotoh-8-e1548879463341.jpg 1652w, https:\/\/diarioregionaldigital.com.br\/wp-content\/uploads\/2019\/01\/fotoh-8-e1548879463341-300x213.jpg 300w, https:\/\/diarioregionaldigital.com.br\/wp-content\/uploads\/2019\/01\/fotoh-8-e1548879463341-768x545.jpg 768w, https:\/\/diarioregionaldigital.com.br\/wp-content\/uploads\/2019\/01\/fotoh-8-e1548879463341-1024x727.jpg 1024w, https:\/\/diarioregionaldigital.com.br\/wp-content\/uploads\/2019\/01\/fotoh-8-e1548879463341-360x256.jpg 360w, https:\/\/diarioregionaldigital.com.br\/wp-content\/uploads\/2019\/01\/fotoh-8-e1548879463341-100x70.jpg 100w\" sizes=\"auto, (max-width: 680px) 100vw, 680px\" \/><p id=\"caption-attachment-132517\" class=\"wp-caption-text\">O charme de Vera Alice Tam no ver\u00e3o passado (2018), no Rio de Janeiro<\/p><\/div>\n<p><img loading=\"lazy\" decoding=\"async\" class=\"aligncenter wp-image-132248\" src=\"https:\/\/diarioregionaldigital.com.br\/wp-content\/uploads\/2019\/01\/anuncio-viva-ver\u00e3o.jpg\" alt=\"\" width=\"680\" height=\"592\" srcset=\"https:\/\/diarioregionaldigital.com.br\/wp-content\/uploads\/2019\/01\/anuncio-viva-ver\u00e3o.jpg 3446w, https:\/\/diarioregionaldigital.com.br\/wp-content\/uploads\/2019\/01\/anuncio-viva-ver\u00e3o-300x261.jpg 300w, https:\/\/diarioregionaldigital.com.br\/wp-content\/uploads\/2019\/01\/anuncio-viva-ver\u00e3o-768x668.jpg 768w, https:\/\/diarioregionaldigital.com.br\/wp-content\/uploads\/2019\/01\/anuncio-viva-ver\u00e3o-1024x891.jpg 1024w, https:\/\/diarioregionaldigital.com.br\/wp-content\/uploads\/2019\/01\/anuncio-viva-ver\u00e3o-360x313.jpg 360w\" sizes=\"auto, (max-width: 680px) 100vw, 680px\" \/><\/p>\n","protected":false},"excerpt":{"rendered":"<p>Treinamento B\u00e1sico Dedicado a contabilistas, tributaristas, profissionais das \u00e1reas fiscal e de tecnologia da informa\u00e7\u00e3o, engenheiros e gestores de produ\u00e7\u00e3o e demais interessados, a FIEMG Regional Zona da Mata promoveu o treinamento \u201cAudit\u00f3rio em prepara\u00e7\u00e3o ao SPED Fiscal-Bloco k\u201d. Chamado tamb\u00e9m de EFD (Escritura\u00e7\u00e3o Fiscal Digital) \u00e9 o nome dado ao processo criado pela Receita [&hellip;]<\/p>\n","protected":false},"author":96,"featured_media":132510,"comment_status":"closed","ping_status":"closed","sticky":false,"template":"","format":"standard","meta":{"footnotes":""},"categories":[264],"tags":[],"class_list":["post-132522","post","type-post","status-publish","format-standard","has-post-thumbnail","hentry","category-eduardo-gomes"],"_links":{"self":[{"href":"https:\/\/diarioregionaldigital.com.br\/index.php?rest_route=\/wp\/v2\/posts\/132522","targetHints":{"allow":["GET"]}}],"collection":[{"href":"https:\/\/diarioregionaldigital.com.br\/index.php?rest_route=\/wp\/v2\/posts"}],"about":[{"href":"https:\/\/diarioregionaldigital.com.br\/index.php?rest_route=\/wp\/v2\/types\/post"}],"author":[{"embeddable":true,"href":"https:\/\/diarioregionaldigital.com.br\/index.php?rest_route=\/wp\/v2\/users\/96"}],"replies":[{"embeddable":true,"href":"https:\/\/diarioregionaldigital.com.br\/index.php?rest_route=%2Fwp%2Fv2%2Fcomments&post=132522"}],"version-history":[{"count":0,"href":"https:\/\/diarioregionaldigital.com.br\/index.php?rest_route=\/wp\/v2\/posts\/132522\/revisions"}],"wp:featuredmedia":[{"embeddable":true,"href":"https:\/\/diarioregionaldigital.com.br\/index.php?rest_route=\/wp\/v2\/media\/132510"}],"wp:attachment":[{"href":"https:\/\/diarioregionaldigital.com.br\/index.php?rest_route=%2Fwp%2Fv2%2Fmedia&parent=132522"}],"wp:term":[{"taxonomy":"category","embeddable":true,"href":"https:\/\/diarioregionaldigital.com.br\/index.php?rest_route=%2Fwp%2Fv2%2Fcategories&post=132522"},{"taxonomy":"post_tag","embeddable":true,"href":"https:\/\/diarioregionaldigital.com.br\/index.php?rest_route=%2Fwp%2Fv2%2Ftags&post=132522"}],"curies":[{"name":"wp","href":"https:\/\/api.w.org\/{rel}","templated":true}]}}