{"id":132519,"date":"2019-01-30T17:02:59","date_gmt":"2019-01-30T19:02:59","guid":{"rendered":"https:\/\/diarioregionaldigital.com.br\/?p=132519"},"modified":"2019-01-30T17:02:59","modified_gmt":"2019-01-30T19:02:59","slug":"defesa-civil-estadual-monitora-barragens-da-vale-em-brumadinho","status":"publish","type":"post","link":"https:\/\/diarioregionaldigital.com.br\/?p=132519","title":{"rendered":"Defesa Civil Estadual monitora barragens da Vale em Brumadinho"},"content":{"rendered":"<p>Ap\u00f3s a trag\u00e9dia que aconteceu no \u00faltimo dia 25 de janeiro, com o rompimento da barragem I da mina do C\u00f3rrego do Feij\u00e3o, em Brumadinho, a Defesa Civil do Estado de Minas Gerais segue com o monitoramento das barragens da mineradora Vale situadas no munic\u00edpio.<\/p>\n<p>Em nota, a pasta informou que o monitoramento tem sido feito 24 horas por dia, com o uso de tecnologia e tamb\u00e9m com o acompanhamento de t\u00e9cnicos capacitados e qualificados. \u201cNo momento, o risco de rompimento de outra barragem \u00e9 classificado em \u201cN\u00edvel I\u201d. Entretanto, na eventualidade de agravamento desse quadro, a comunidade ser\u00e1 avisada por meio de alarme sonoro e pode ser necess\u00e1ria a evacua\u00e7\u00e3o r\u00e1pida de determinadas \u00e1reas\u201d, informou.<\/p>\n<p>Ainda no comunicado, a Defesa Civil Estadual informou que a popula\u00e7\u00e3o precisa estar ciente de que, havendo acionamento de alarme, as pessoas que residem ou trabalham nos locais descritos abaixo dever\u00e3o se dirigir, imediatamente, para os seguintes locais seguros:<\/p>\n<p><img decoding=\"async\" src=\"http:\/\/webmail.x6web.com\/?\/Raw\/View\/39\/ik3o3ZeYJPfgSRzR_ouR1435Qyd28hRa9vQZ0Yrzverc5KSiHBXn8ZM1ZCZyZui8aoJ5S1J7y-9-AtunZztL6PXDYMr6gQv5q7TRHBhvtaJ1GfvYqVNWsQ7GcjQpsZksXKPpHEAejx36aQt208TFH_FHttvhIC5w6WY0PJecWT4hn4MHDaQVl7oIgDf6L04EMJ3Ku2OPF2EfFOvmd1cAT_9SXAVfuHVCAGP1jABn3Ri354m_msQWcRYDejQ.\/0\" \/><\/p>\n<p>A pasta finaliza a nota informando que \u201ca Defesa Civil do Estado de Minas Gerais, de forma respons\u00e1vel e comprometida com sua miss\u00e3o, divulga esses pontos de acolhimento como medida preventiva e necess\u00e1ria \u00e0 garantia da seguran\u00e7a da popula\u00e7\u00e3o de Brumadinho, em caso de eleva\u00e7\u00e3o do risco\u201d.<\/p>\n<p>&nbsp;<\/p>\n","protected":false},"excerpt":{"rendered":"<p>Ap\u00f3s a trag\u00e9dia que aconteceu no \u00faltimo dia 25 de janeiro, com o rompimento da barragem I da mina do C\u00f3rrego do Feij\u00e3o, em Brumadinho, a Defesa Civil do Estado de Minas Gerais segue com o monitoramento das barragens da mineradora Vale situadas no munic\u00edpio. Em nota, a pasta informou que o monitoramento tem sido [&hellip;]<\/p>\n","protected":false},"author":96,"featured_media":132125,"comment_status":"closed","ping_status":"closed","sticky":false,"template":"","format":"standard","meta":{"footnotes":""},"categories":[436,252,439],"tags":[],"class_list":["post-132519","post","type-post","status-publish","format-standard","has-post-thumbnail","hentry","category-destaque-da-semana","category-regiao","category-ultima-hora"],"_links":{"self":[{"href":"https:\/\/diarioregionaldigital.com.br\/index.php?rest_route=\/wp\/v2\/posts\/132519","targetHints":{"allow":["GET"]}}],"collection":[{"href":"https:\/\/diarioregionaldigital.com.br\/index.php?rest_route=\/wp\/v2\/posts"}],"about":[{"href":"https:\/\/diarioregionaldigital.com.br\/index.php?rest_route=\/wp\/v2\/types\/post"}],"author":[{"embeddable":true,"href":"https:\/\/diarioregionaldigital.com.br\/index.php?rest_route=\/wp\/v2\/users\/96"}],"replies":[{"embeddable":true,"href":"https:\/\/diarioregionaldigital.com.br\/index.php?rest_route=%2Fwp%2Fv2%2Fcomments&post=132519"}],"version-history":[{"count":0,"href":"https:\/\/diarioregionaldigital.com.br\/index.php?rest_route=\/wp\/v2\/posts\/132519\/revisions"}],"wp:featuredmedia":[{"embeddable":true,"href":"https:\/\/diarioregionaldigital.com.br\/index.php?rest_route=\/wp\/v2\/media\/132125"}],"wp:attachment":[{"href":"https:\/\/diarioregionaldigital.com.br\/index.php?rest_route=%2Fwp%2Fv2%2Fmedia&parent=132519"}],"wp:term":[{"taxonomy":"category","embeddable":true,"href":"https:\/\/diarioregionaldigital.com.br\/index.php?rest_route=%2Fwp%2Fv2%2Fcategories&post=132519"},{"taxonomy":"post_tag","embeddable":true,"href":"https:\/\/diarioregionaldigital.com.br\/index.php?rest_route=%2Fwp%2Fv2%2Ftags&post=132519"}],"curies":[{"name":"wp","href":"https:\/\/api.w.org\/{rel}","templated":true}]}}