{"id":132502,"date":"2019-01-30T16:28:29","date_gmt":"2019-01-30T18:28:29","guid":{"rendered":"https:\/\/diarioregionaldigital.com.br\/?p=132502"},"modified":"2019-01-30T16:28:29","modified_gmt":"2019-01-30T18:28:29","slug":"noticias-falsas-atrapalham-buscas-alerta-corpo-de-bombeiros-de-minas","status":"publish","type":"post","link":"https:\/\/diarioregionaldigital.com.br\/?p=132502","title":{"rendered":"Not\u00edcias falsas atrapalham buscas, alerta Corpo de Bombeiros de Minas"},"content":{"rendered":"<p>Em entrevista coletiva sobre a atualiza\u00e7\u00e3o das buscas e atividades em Brumadinho, o Corpo de Bombeiros de Minas Gerais alertou para os problemas decorrentes da dissemina\u00e7\u00e3o de not\u00edcias falsas, conhecidas tamb\u00e9m como\u00a0<em>fake news<\/em>, sobre a trag\u00e9dia e a atua\u00e7\u00e3o das autoridades na regi\u00e3o. Mensagens v\u00eam sendo divulgadas em redes sociais apontando um conjunto de fatos e problemas que n\u00e3o condizem com a realidade, segundo o porta-voz da corpora\u00e7\u00e3o, tenente Pedro Aihara.<\/p>\n<p>\u201cO servi\u00e7o das for\u00e7as de seguran\u00e7a tem sido bastante prejudicado com\u00a0<em>fake news<\/em>, not\u00edcias falsas.<\/p>\n<p>Toda a veicula\u00e7\u00e3o desse tipo de not\u00edcia, quando \u00e9 falsa, ela prejudica, e muito, e atrasa o importante trabalho que a gente est\u00e1 fazendo em rela\u00e7\u00e3o \u00e0 recupera\u00e7\u00e3o desses corpos\u201d, destacou o porta-voz em entrevistas a jornalistas.<\/p>\n<p>O tenente do CBMG citou como exemplo conte\u00fados indicando a exist\u00eancia de sobreviventes que estariam em algum lugar da regi\u00e3o. Quando s\u00e3o acionados por questionamentos ou pistas desse tipo, continuou, os bombeiros t\u00eam de ir atr\u00e1s e conferir se no determinado local sugerido haveria ou n\u00e3o alguma pessoa que resistiu \u00e0 trag\u00e9dia.<\/p>\n<p>Outro caso foi a divulga\u00e7\u00e3o de not\u00edcias segundos as quais os militares nas buscas estariam \u201cintoxicados com a lama\u201d. Aihara registrou que o Corpo de Bombeiros se baseia em laudos atestando o car\u00e1ter n\u00e3o t\u00f3xico da lama, mas que ainda assim h\u00e1 procedimentos para evitar eventuais doen\u00e7as nos oficiais.<\/p>\n<p>\u201cComo nossos militares ficam durante longos per\u00edodos expostos a essa \u00e1gua, a gente ministra um antibi\u00f3tico, principalmente para prevenir o cont\u00e1gio de leptospirose, mas espec\u00edfico para a atua\u00e7\u00e3o de bombeiro. A popula\u00e7\u00e3o em geral n\u00e3o precisa se preocupar com isso. Esse antibi\u00f3tico s\u00f3 deve ser administrado na popula\u00e7\u00e3o em geral se ela apresentar sintomas\u201d, explicou.<\/p>\n<p>Al\u00e9m disso, o porta-voz informou que est\u00e3o sendo coletadas amostras de lama em diversos pontos da regi\u00e3o para an\u00e1lises pr\u00f3prias, de modo a confirmar se h\u00e1 ou n\u00e3o riscos a quem est\u00e1 trabalhando na \u00e1rea.<\/p>\n<p>&nbsp;<\/p>\n<p>Fonte: Ag\u00eancia Brasil<\/p>\n","protected":false},"excerpt":{"rendered":"<p>Em entrevista coletiva sobre a atualiza\u00e7\u00e3o das buscas e atividades em Brumadinho, o Corpo de Bombeiros de Minas Gerais alertou para os problemas decorrentes da dissemina\u00e7\u00e3o de not\u00edcias falsas, conhecidas tamb\u00e9m como\u00a0fake news, sobre a trag\u00e9dia e a atua\u00e7\u00e3o das autoridades na regi\u00e3o. Mensagens v\u00eam sendo divulgadas em redes sociais apontando um conjunto de fatos [&hellip;]<\/p>\n","protected":false},"author":96,"featured_media":132120,"comment_status":"closed","ping_status":"closed","sticky":false,"template":"","format":"standard","meta":{"footnotes":""},"categories":[302,436,262,439],"tags":[],"class_list":["post-132502","post","type-post","status-publish","format-standard","has-post-thumbnail","hentry","category-brasil-mundo","category-destaque-da-semana","category-noticias","category-ultima-hora"],"_links":{"self":[{"href":"https:\/\/diarioregionaldigital.com.br\/index.php?rest_route=\/wp\/v2\/posts\/132502","targetHints":{"allow":["GET"]}}],"collection":[{"href":"https:\/\/diarioregionaldigital.com.br\/index.php?rest_route=\/wp\/v2\/posts"}],"about":[{"href":"https:\/\/diarioregionaldigital.com.br\/index.php?rest_route=\/wp\/v2\/types\/post"}],"author":[{"embeddable":true,"href":"https:\/\/diarioregionaldigital.com.br\/index.php?rest_route=\/wp\/v2\/users\/96"}],"replies":[{"embeddable":true,"href":"https:\/\/diarioregionaldigital.com.br\/index.php?rest_route=%2Fwp%2Fv2%2Fcomments&post=132502"}],"version-history":[{"count":0,"href":"https:\/\/diarioregionaldigital.com.br\/index.php?rest_route=\/wp\/v2\/posts\/132502\/revisions"}],"wp:featuredmedia":[{"embeddable":true,"href":"https:\/\/diarioregionaldigital.com.br\/index.php?rest_route=\/wp\/v2\/media\/132120"}],"wp:attachment":[{"href":"https:\/\/diarioregionaldigital.com.br\/index.php?rest_route=%2Fwp%2Fv2%2Fmedia&parent=132502"}],"wp:term":[{"taxonomy":"category","embeddable":true,"href":"https:\/\/diarioregionaldigital.com.br\/index.php?rest_route=%2Fwp%2Fv2%2Fcategories&post=132502"},{"taxonomy":"post_tag","embeddable":true,"href":"https:\/\/diarioregionaldigital.com.br\/index.php?rest_route=%2Fwp%2Fv2%2Ftags&post=132502"}],"curies":[{"name":"wp","href":"https:\/\/api.w.org\/{rel}","templated":true}]}}