{"id":132488,"date":"2019-01-30T16:02:26","date_gmt":"2019-01-30T18:02:26","guid":{"rendered":"https:\/\/diarioregionaldigital.com.br\/?p=132488"},"modified":"2019-01-30T16:02:26","modified_gmt":"2019-01-30T18:02:26","slug":"lula-nao-ira-a-sao-bernardo-apos-decisao-do-stf-informa-lider-do-pt","status":"publish","type":"post","link":"https:\/\/diarioregionaldigital.com.br\/?p=132488","title":{"rendered":"Lula n\u00e3o ir\u00e1 a S\u00e3o Bernardo ap\u00f3s decis\u00e3o do STF, informa l\u00edder do PT"},"content":{"rendered":"<p>O ex-presidente Luiz In\u00e1cio Lula da Silva n\u00e3o ir\u00e1 a S\u00e3o Bernardo do Campo (SP) para encontrar a fam\u00edlia nesta quarta-feira, 30, segundo o deputado federal Paulo Pimenta (PT-RS). No in\u00edcio da tarde, o presidente do Supremo Tribunal Federal (STF), ministro Dias Toffoli,\u00a0<a href=\"https:\/\/diarioregionaldigital.com.br\/2019\/01\/30\/toffoli-autoriza-lula-a-deixar-a-prisao-para-ir-ao-velorio-do-irmao\/\" target=\"_blank\" rel=\"noopener\">concedeu autoriza\u00e7\u00e3o<\/a>\u00a0para Lula deixar a pris\u00e3o e se encontrar com parentes\u00a0em raz\u00e3o do vel\u00f3rio e enterro\u00a0do corpo do irm\u00e3o dele, Genival In\u00e1cio da Silva, conhecido como Vav\u00e1. Ele morreu nesta ter\u00e7a-feira, 29, devido a complica\u00e7\u00f5es de um c\u00e2ncer de pulm\u00e3o.<\/p>\n<p>Pela decis\u00e3o de Toffoli, Lula poderia\u00a0se encontrar exclusivamente com parentes\u00a0em uma unidade militar e foi proibido de usar\u00a0celulares ou dar\u00a0declara\u00e7\u00f5es p\u00fablicas e entrevistas \u00e0 imprensa.\u00a0A liminar\u00a0foi proferida cerca de 30 minutos antes do sepultamento do corpo, que ocorreu por volta das 13h, no Cemit\u00e9rio Pauliceia, em S\u00e3o Bernardo do Campo (SP).<\/p>\n<p>Pelo Twitter, o deputado federal Paulo Pimenta (PT-RS), l\u00edder do partido na C\u00e2mara, disse que Lula decidiu n\u00e3o ir mais por n\u00e3o ter\u00a0&#8220;motivos para se encontrar \u00e0s escondidas com a fam\u00edlia como se isso fosse um favor do MPF e do Judici\u00e1rio da turma da Lava Jato\u201d.<\/p>\n<p>Lula est\u00e1 preso desde\u00a07 de abril\u00a0do ano passado por\u00a0ter\u00a0a condena\u00e7\u00e3o no caso confirmada pelo TRF4, que imp\u00f4s pena de 12 anos e um m\u00eas de pris\u00e3o pelos crimes de corrup\u00e7\u00e3o passiva e lavagem de dinheiro no caso do triplex do Guaruj\u00e1 (SP).\u00a0Os advogados de Lula alegaram\u00a0que a Lei de Execu\u00e7\u00e3o Penal (LEP) prev\u00ea que presos possam deixar as unidades para comparecer ao vel\u00f3rio de um parente pr\u00f3ximo.<\/p>\n<p>A defesa do ex-presidente\u00a0recorreu ao STF\u00a0depois que a ju\u00edza federal Carolina Lebbos, da 12\u00aa Vara Criminal em Curitiba,\u00a0rejeitou\u00a0o mesmo pedido, na madrugada de\u00a0hoje. A decis\u00e3o foi confirmada pelo desembargador federal Leandro Paulsen, do Tribunal Regional Federal (4\u00aa Regi\u00e3o). No\u00a0despacho, a ju\u00edza entendeu que a decis\u00e3o final era da\u00a0Pol\u00edcia Federal (PF), que alegou dificuldades log\u00edsticas para realizar a viagem e tamb\u00e9m argumentou que a presen\u00e7a do ex-presidente poderia tumultuar a ordem p\u00fablica, em raz\u00e3o de manifesta\u00e7\u00f5es de simpatizantes.<\/p>\n<p>&nbsp;<\/p>\n<p>Fonte: Ag\u00eancia Brasil<\/p>\n","protected":false},"excerpt":{"rendered":"<p>O ex-presidente Luiz In\u00e1cio Lula da Silva n\u00e3o ir\u00e1 a S\u00e3o Bernardo do Campo (SP) para encontrar a fam\u00edlia nesta quarta-feira, 30, segundo o deputado federal Paulo Pimenta (PT-RS). No in\u00edcio da tarde, o presidente do Supremo Tribunal Federal (STF), ministro Dias Toffoli,\u00a0concedeu autoriza\u00e7\u00e3o\u00a0para Lula deixar a pris\u00e3o e se encontrar com parentes\u00a0em raz\u00e3o do [&hellip;]<\/p>\n","protected":false},"author":96,"featured_media":132489,"comment_status":"closed","ping_status":"closed","sticky":false,"template":"","format":"standard","meta":{"footnotes":""},"categories":[302,436,262,439],"tags":[],"class_list":["post-132488","post","type-post","status-publish","format-standard","has-post-thumbnail","hentry","category-brasil-mundo","category-destaque-da-semana","category-noticias","category-ultima-hora"],"_links":{"self":[{"href":"https:\/\/diarioregionaldigital.com.br\/index.php?rest_route=\/wp\/v2\/posts\/132488","targetHints":{"allow":["GET"]}}],"collection":[{"href":"https:\/\/diarioregionaldigital.com.br\/index.php?rest_route=\/wp\/v2\/posts"}],"about":[{"href":"https:\/\/diarioregionaldigital.com.br\/index.php?rest_route=\/wp\/v2\/types\/post"}],"author":[{"embeddable":true,"href":"https:\/\/diarioregionaldigital.com.br\/index.php?rest_route=\/wp\/v2\/users\/96"}],"replies":[{"embeddable":true,"href":"https:\/\/diarioregionaldigital.com.br\/index.php?rest_route=%2Fwp%2Fv2%2Fcomments&post=132488"}],"version-history":[{"count":0,"href":"https:\/\/diarioregionaldigital.com.br\/index.php?rest_route=\/wp\/v2\/posts\/132488\/revisions"}],"wp:featuredmedia":[{"embeddable":true,"href":"https:\/\/diarioregionaldigital.com.br\/index.php?rest_route=\/wp\/v2\/media\/132489"}],"wp:attachment":[{"href":"https:\/\/diarioregionaldigital.com.br\/index.php?rest_route=%2Fwp%2Fv2%2Fmedia&parent=132488"}],"wp:term":[{"taxonomy":"category","embeddable":true,"href":"https:\/\/diarioregionaldigital.com.br\/index.php?rest_route=%2Fwp%2Fv2%2Fcategories&post=132488"},{"taxonomy":"post_tag","embeddable":true,"href":"https:\/\/diarioregionaldigital.com.br\/index.php?rest_route=%2Fwp%2Fv2%2Ftags&post=132488"}],"curies":[{"name":"wp","href":"https:\/\/api.w.org\/{rel}","templated":true}]}}