{"id":132482,"date":"2019-01-30T15:24:00","date_gmt":"2019-01-30T17:24:00","guid":{"rendered":"https:\/\/diarioregionaldigital.com.br\/?p=132482"},"modified":"2019-01-30T15:30:43","modified_gmt":"2019-01-30T17:30:43","slug":"hemominas-agradece-as-doacoes-e-orienta-para-que-doadores-facam-o-agendamento","status":"publish","type":"post","link":"https:\/\/diarioregionaldigital.com.br\/?p=132482","title":{"rendered":"Hemominas agradece as doa\u00e7\u00f5es e orienta para que doadores fa\u00e7am o agendamento"},"content":{"rendered":"<p>Na \u00faltima sexta-feira, 25, em decorr\u00eancia do rompimento da barragem em Brumadinho, a Funda\u00e7\u00e3o Hemominas do Estado realizou uma convoca\u00e7\u00e3o para doa\u00e7\u00e3o de sangue para atender a demanda \u00e0s v\u00edtimas da trag\u00e9dia. Ap\u00f3s o chamado, houve um aumento consider\u00e1vel no comparecimento de doadores.<\/p>\n<p>Em nota divulgada, a Funda\u00e7\u00e3o orienta que aqueles que ainda quiserem realizar as doa\u00e7\u00f5es fa\u00e7am o agendamento do atendimento, que \u00e9 feito com base no estoque e na demanda de cada unidade. &#8220;Considerando a adequada reposi\u00e7\u00e3o dos estoques para o atual momento, a Hemominas orienta os doadores mineiros que programem o seu comparecimento \u00e0s unidades da Funda\u00e7\u00e3o Hemominas para as pr\u00f3ximas semanas, agendando as doa\u00e7\u00f5es. O agendamento \u00e9 feito com base na demanda e nos estoques de forma a garantir que todo sangue doado seja utilizado de forma adequada&#8221;, informou. Doadores do tipo sangu\u00edneo \u201cO Negativo\u201d tiveram prioridade de atendimento durante o \u00faltimo fim de semana.<\/p>\n<p>Ainda no comunicado, a Funda\u00e7\u00e3o Hemominas agradeceu a todos os volunt\u00e1rios que atenderam a convoca\u00e7\u00e3o e ainda destacou o emprenho dos mineiros. &#8220;O empenho da popula\u00e7\u00e3o mineira foi primordial para garantir os estoques de hemocomponentes para as v\u00edtimas socorridas na Regi\u00e3o Metropolitana de Belo Horizonte. A Funda\u00e7\u00e3o Hemominas permanece em alerta e atendendo a demanda habitual dos pacientes a fim de garantir a seguran\u00e7a transfusional nos per\u00edodos sazonais em que h\u00e1 aumento de demanda&#8221;.<\/p>\n<p><strong>Como agendar<\/strong><\/p>\n<p>O agendamento para doa\u00e7\u00e3o pode ser feito online, <a href=\"http:\/\/www.hemominas.mg.gov.br\/\">no site da Funda\u00e7\u00e3o Hemominas<\/a>, pelo aplicativo &#8220;<strong>MG<\/strong> <strong>APP<\/strong>&#8221; ou pelo <strong>n\u00famero<\/strong> <strong>155<\/strong>, <strong>op\u00e7\u00e3o<\/strong> <strong>1<\/strong>. Com esse procedimento, o volunt\u00e1rio ajuda a distribuir as doa\u00e7\u00f5es ao longo do hor\u00e1rio de atendimento da unidade e pode diminuir o tempo de espera para efetuar sua doa\u00e7\u00e3o. Caso a pessoa n\u00e3o possa comparecer, a Funda\u00e7\u00e3o pede que seja feito o cancelamento do agendamento para liberar a vaga para outro candidato \u00e0 doa\u00e7\u00e3o de sangue.<\/p>\n<p><strong>Para ser um doador<\/strong><\/p>\n<p>Para se tornar um doador, \u00e9 preciso estar em condi\u00e7\u00f5es plenas de sa\u00fade, ter entre 16 e 69 anos, possuir mais de 50 kg e, no dia da doa\u00e7\u00e3o, apresentar documenta\u00e7\u00e3o com foto. Para quem j\u00e1 \u00e9 doador, \u00e9 necess\u00e1rio ainda respeitar o intervalo de doa\u00e7\u00e3o, que para mulheres \u00e9 de 90 dias e, para os homens, 60 dias. No momento da doa\u00e7\u00e3o, o doador deve estar alimentado e ter dormido, no m\u00ednimo, quatro horas, sentindo-se descansado para evitar mal-estar.<\/p>\n<p>A Hemominas funciona na Rua Bar\u00e3o de Cataguases, sem n\u00famero, no Centro, de segunda a sexta-feira, das 7h \u00e0s 18h e aos s\u00e1bados, das 7h \u00e0s 11h.<\/p>\n<p>&nbsp;<\/p>\n","protected":false},"excerpt":{"rendered":"<p>Na \u00faltima sexta-feira, 25, em decorr\u00eancia do rompimento da barragem em Brumadinho, a Funda\u00e7\u00e3o Hemominas do Estado realizou uma convoca\u00e7\u00e3o para doa\u00e7\u00e3o de sangue para atender a demanda \u00e0s v\u00edtimas da trag\u00e9dia. Ap\u00f3s o chamado, houve um aumento consider\u00e1vel no comparecimento de doadores. Em nota divulgada, a Funda\u00e7\u00e3o orienta que aqueles que ainda quiserem realizar [&hellip;]<\/p>\n","protected":false},"author":96,"featured_media":132483,"comment_status":"closed","ping_status":"closed","sticky":false,"template":"","format":"standard","meta":{"footnotes":""},"categories":[436,252,439],"tags":[],"class_list":["post-132482","post","type-post","status-publish","format-standard","has-post-thumbnail","hentry","category-destaque-da-semana","category-regiao","category-ultima-hora"],"_links":{"self":[{"href":"https:\/\/diarioregionaldigital.com.br\/index.php?rest_route=\/wp\/v2\/posts\/132482","targetHints":{"allow":["GET"]}}],"collection":[{"href":"https:\/\/diarioregionaldigital.com.br\/index.php?rest_route=\/wp\/v2\/posts"}],"about":[{"href":"https:\/\/diarioregionaldigital.com.br\/index.php?rest_route=\/wp\/v2\/types\/post"}],"author":[{"embeddable":true,"href":"https:\/\/diarioregionaldigital.com.br\/index.php?rest_route=\/wp\/v2\/users\/96"}],"replies":[{"embeddable":true,"href":"https:\/\/diarioregionaldigital.com.br\/index.php?rest_route=%2Fwp%2Fv2%2Fcomments&post=132482"}],"version-history":[{"count":0,"href":"https:\/\/diarioregionaldigital.com.br\/index.php?rest_route=\/wp\/v2\/posts\/132482\/revisions"}],"wp:featuredmedia":[{"embeddable":true,"href":"https:\/\/diarioregionaldigital.com.br\/index.php?rest_route=\/wp\/v2\/media\/132483"}],"wp:attachment":[{"href":"https:\/\/diarioregionaldigital.com.br\/index.php?rest_route=%2Fwp%2Fv2%2Fmedia&parent=132482"}],"wp:term":[{"taxonomy":"category","embeddable":true,"href":"https:\/\/diarioregionaldigital.com.br\/index.php?rest_route=%2Fwp%2Fv2%2Fcategories&post=132482"},{"taxonomy":"post_tag","embeddable":true,"href":"https:\/\/diarioregionaldigital.com.br\/index.php?rest_route=%2Fwp%2Fv2%2Ftags&post=132482"}],"curies":[{"name":"wp","href":"https:\/\/api.w.org\/{rel}","templated":true}]}}