{"id":132476,"date":"2019-01-30T13:52:11","date_gmt":"2019-01-30T15:52:11","guid":{"rendered":"https:\/\/diarioregionaldigital.com.br\/?p=132476"},"modified":"2019-01-30T13:52:11","modified_gmt":"2019-01-30T15:52:11","slug":"juan-guaido-pede-ajuda-ao-brasil","status":"publish","type":"post","link":"https:\/\/diarioregionaldigital.com.br\/?p=132476","title":{"rendered":"Juan Guaid\u00f3 pede ajuda ao Brasil"},"content":{"rendered":"<p>O vice-presidente da Rep\u00fablica, Hamilton Mour\u00e3o, disse\u00a0nesta quarta-feira, 30, que o Brasil estuda formas de atender ao pedido de ajuda humanit\u00e1ria do\u00a0presidente da Assembleia Nacional da Venezuela,\u00a0Juan\u00a0Guaid\u00f3, que se autoproclamou presidente interino do pa\u00eds no \u00faltimo dia 23. Segundo Mour\u00e3o, o governo federal re\u00fane as demandas, encaminhadas pelo venezuelano, para que o presidente Jair Bolsonaro defina as a\u00e7\u00f5es.<\/p>\n<p>\u201cA gente pode fornecer m\u00e9dicos, medicamentos e alimentos, at\u00e9 por meio de doa\u00e7\u00f5es. Em Brumadinho pediram para suspender a quantidade de donativos que est\u00e3o chegando por causa da generosidade de nosso povo\u201d, disse o vice-presidente ap\u00f3s o encontro com o embaixador do Chile no Brasil, Fernando Schmidt, e o ministro-conselheiro chileno Rafael Puelma.<\/p>\n<p>Mour\u00e3o organiza os pedidos at\u00e9 que Bolsonaro se recupere da cirurgia para a reconstru\u00e7\u00e3o do tr\u00e2nsito intestinal, feita h\u00e1 dois dias, no Hospital Albert Einstein, em S\u00e3o Paulo. \u201cO presidente que vai decidir depois\u201d, ressaltou.<\/p>\n<p>No encontro com os diplomatas chilenos, Mour\u00e3o lamentou a pris\u00e3o de jornalistas do Chile da rede de televis\u00e3o TVN durante cobertura nos arredores do Pal\u00e1cio Miraflores, em Caracas. Segundo a emissora, foram detidos um rep\u00f3rter e o cinegrafista junto com outros dois profissionais da imprensa venezuelana.<\/p>\n<p>De acordo do vice-presidente, n\u00e3o h\u00e1 defini\u00e7\u00e3o sobre uma nota de rep\u00fadio em rela\u00e7\u00e3o \u00e0 situa\u00e7\u00e3o. O vice-presidente admitiu, entretanto, que o cen\u00e1rio preocupa o Brasil. \u201cEst\u00e1 dif\u00edcil obter informa\u00e7\u00f5es de l\u00e1\u201d, afirmou.<\/p>\n<p>&nbsp;<\/p>\n<p>Fonte: Ag\u00eancia Brasil<\/p>\n","protected":false},"excerpt":{"rendered":"<p>O vice-presidente da Rep\u00fablica, Hamilton Mour\u00e3o, disse\u00a0nesta quarta-feira, 30, que o Brasil estuda formas de atender ao pedido de ajuda humanit\u00e1ria do\u00a0presidente da Assembleia Nacional da Venezuela,\u00a0Juan\u00a0Guaid\u00f3, que se autoproclamou presidente interino do pa\u00eds no \u00faltimo dia 23. Segundo Mour\u00e3o, o governo federal re\u00fane as demandas, encaminhadas pelo venezuelano, para que o presidente Jair Bolsonaro [&hellip;]<\/p>\n","protected":false},"author":96,"featured_media":132477,"comment_status":"closed","ping_status":"closed","sticky":false,"template":"","format":"standard","meta":{"footnotes":""},"categories":[302,436,262,439],"tags":[],"class_list":["post-132476","post","type-post","status-publish","format-standard","has-post-thumbnail","hentry","category-brasil-mundo","category-destaque-da-semana","category-noticias","category-ultima-hora"],"_links":{"self":[{"href":"https:\/\/diarioregionaldigital.com.br\/index.php?rest_route=\/wp\/v2\/posts\/132476","targetHints":{"allow":["GET"]}}],"collection":[{"href":"https:\/\/diarioregionaldigital.com.br\/index.php?rest_route=\/wp\/v2\/posts"}],"about":[{"href":"https:\/\/diarioregionaldigital.com.br\/index.php?rest_route=\/wp\/v2\/types\/post"}],"author":[{"embeddable":true,"href":"https:\/\/diarioregionaldigital.com.br\/index.php?rest_route=\/wp\/v2\/users\/96"}],"replies":[{"embeddable":true,"href":"https:\/\/diarioregionaldigital.com.br\/index.php?rest_route=%2Fwp%2Fv2%2Fcomments&post=132476"}],"version-history":[{"count":0,"href":"https:\/\/diarioregionaldigital.com.br\/index.php?rest_route=\/wp\/v2\/posts\/132476\/revisions"}],"wp:featuredmedia":[{"embeddable":true,"href":"https:\/\/diarioregionaldigital.com.br\/index.php?rest_route=\/wp\/v2\/media\/132477"}],"wp:attachment":[{"href":"https:\/\/diarioregionaldigital.com.br\/index.php?rest_route=%2Fwp%2Fv2%2Fmedia&parent=132476"}],"wp:term":[{"taxonomy":"category","embeddable":true,"href":"https:\/\/diarioregionaldigital.com.br\/index.php?rest_route=%2Fwp%2Fv2%2Fcategories&post=132476"},{"taxonomy":"post_tag","embeddable":true,"href":"https:\/\/diarioregionaldigital.com.br\/index.php?rest_route=%2Fwp%2Fv2%2Ftags&post=132476"}],"curies":[{"name":"wp","href":"https:\/\/api.w.org\/{rel}","templated":true}]}}