{"id":132470,"date":"2019-01-30T13:41:48","date_gmt":"2019-01-30T15:41:48","guid":{"rendered":"https:\/\/diarioregionaldigital.com.br\/?p=132470"},"modified":"2019-01-30T13:41:48","modified_gmt":"2019-01-30T15:41:48","slug":"toffoli-autoriza-lula-a-deixar-a-prisao-para-ir-ao-velorio-do-irmao","status":"publish","type":"post","link":"https:\/\/diarioregionaldigital.com.br\/?p=132470","title":{"rendered":"Toffoli autoriza Lula a deixar a pris\u00e3o para ir ao vel\u00f3rio do irm\u00e3o"},"content":{"rendered":"<p>O presidente do Supremo Tribunal Federal (STF), ministro Dias Toffoli, aceitou pedido para que o ex-presidente Luiz In\u00e1cio Lula da Silva deixe a pris\u00e3o e compare\u00e7a\u00a0ao vel\u00f3rio do irm\u00e3o, Genival In\u00e1cio da Silva, conhecido como Vav\u00e1, que morreu\u00a0nesta ter\u00e7a-feira, 29, em decorr\u00eancia de c\u00e2ncer no pulm\u00e3o.\u00a0O sepultamento ser\u00e1 realizado em S\u00e3o Bernardo do Campo (SP). Ser\u00e1 a primeira vez que o ex-presidente deixar\u00e1 a pris\u00e3o desde abril do ano passado.<\/p>\n<p>Segundo a decis\u00e3o, Lula s\u00f3 poder\u00e1 ter contato com parentes durante o vel\u00f3rio e est\u00e1 proibido de dar declara\u00e7\u00f5es p\u00fablicas.<\/p>\n<p>A defesa do ex-presidente\u00a0recorreu ao STF\u00a0depois que a ju\u00edza federal Carolina Lebbos, da 12\u00aa Vara Criminal em Curitiba, rejeitou o\u00a0mesmo pedido, na madrugada de\u00a0hoje. A decis\u00e3o foi confirmada pelo\u00a0desembargador federal Leandro Paulsen, do Tribunal Regional Federal (4\u00aa Regi\u00e3o).<\/p>\n<p>Na despacho, a\u00a0ju\u00edza\u00a0entendeu que a decis\u00e3o final cabe \u00e0 Pol\u00edcia Federal (PF), que alegou dificuldades log\u00edsticas para realizar a viagem da superintend\u00eancia da corpora\u00e7\u00e3o em Curitiba, onde Lula est\u00e1 preso, at\u00e9 o Cemit\u00e9rio Pauliceia, em S\u00e3o Bernardo do Campo. O enterro est\u00e1 previsto para quarta-feira, 30, \u00e0s 13h.<\/p>\n<p>A PF tamb\u00e9m alegou que a presen\u00e7a do ex-presidente poderia tumultuar a ordem p\u00fablica, em raz\u00e3o de manifesta\u00e7\u00f5es de simpatizantes.<\/p>\n<p>A defesa de Lula alegou que a Lei de Execu\u00e7\u00e3o Penal (LEP) prev\u00ea que presos possam deixar as unidades para comparecer ao vel\u00f3rio de um parente pr\u00f3ximo.<\/p>\n<p>Lula est\u00e1 preso desde\u00a07 de abril\u00a0do ano passado por\u00a0ter\u00a0sua condena\u00e7\u00e3o no caso confirmada pelo TRF4, que imp\u00f4s pena de 12 anos e um m\u00eas de pris\u00e3o pelos crimes de corrup\u00e7\u00e3o passiva e lavagem de dinheiro no caso do triplex do Guaruj\u00e1 (SP).<\/p>\n<p>&nbsp;<\/p>\n<p>Fonte: Ag\u00eancia Brasil<\/p>\n","protected":false},"excerpt":{"rendered":"<p>O presidente do Supremo Tribunal Federal (STF), ministro Dias Toffoli, aceitou pedido para que o ex-presidente Luiz In\u00e1cio Lula da Silva deixe a pris\u00e3o e compare\u00e7a\u00a0ao vel\u00f3rio do irm\u00e3o, Genival In\u00e1cio da Silva, conhecido como Vav\u00e1, que morreu\u00a0nesta ter\u00e7a-feira, 29, em decorr\u00eancia de c\u00e2ncer no pulm\u00e3o.\u00a0O sepultamento ser\u00e1 realizado em S\u00e3o Bernardo do Campo (SP). [&hellip;]<\/p>\n","protected":false},"author":96,"featured_media":132471,"comment_status":"closed","ping_status":"closed","sticky":false,"template":"","format":"standard","meta":{"footnotes":""},"categories":[302,436,262,439],"tags":[],"class_list":["post-132470","post","type-post","status-publish","format-standard","has-post-thumbnail","hentry","category-brasil-mundo","category-destaque-da-semana","category-noticias","category-ultima-hora"],"_links":{"self":[{"href":"https:\/\/diarioregionaldigital.com.br\/index.php?rest_route=\/wp\/v2\/posts\/132470","targetHints":{"allow":["GET"]}}],"collection":[{"href":"https:\/\/diarioregionaldigital.com.br\/index.php?rest_route=\/wp\/v2\/posts"}],"about":[{"href":"https:\/\/diarioregionaldigital.com.br\/index.php?rest_route=\/wp\/v2\/types\/post"}],"author":[{"embeddable":true,"href":"https:\/\/diarioregionaldigital.com.br\/index.php?rest_route=\/wp\/v2\/users\/96"}],"replies":[{"embeddable":true,"href":"https:\/\/diarioregionaldigital.com.br\/index.php?rest_route=%2Fwp%2Fv2%2Fcomments&post=132470"}],"version-history":[{"count":0,"href":"https:\/\/diarioregionaldigital.com.br\/index.php?rest_route=\/wp\/v2\/posts\/132470\/revisions"}],"wp:featuredmedia":[{"embeddable":true,"href":"https:\/\/diarioregionaldigital.com.br\/index.php?rest_route=\/wp\/v2\/media\/132471"}],"wp:attachment":[{"href":"https:\/\/diarioregionaldigital.com.br\/index.php?rest_route=%2Fwp%2Fv2%2Fmedia&parent=132470"}],"wp:term":[{"taxonomy":"category","embeddable":true,"href":"https:\/\/diarioregionaldigital.com.br\/index.php?rest_route=%2Fwp%2Fv2%2Fcategories&post=132470"},{"taxonomy":"post_tag","embeddable":true,"href":"https:\/\/diarioregionaldigital.com.br\/index.php?rest_route=%2Fwp%2Fv2%2Ftags&post=132470"}],"curies":[{"name":"wp","href":"https:\/\/api.w.org\/{rel}","templated":true}]}}