{"id":132462,"date":"2019-01-30T12:34:16","date_gmt":"2019-01-30T14:34:16","guid":{"rendered":"https:\/\/diarioregionaldigital.com.br\/?p=132462"},"modified":"2019-01-30T12:34:16","modified_gmt":"2019-01-30T14:34:16","slug":"comerciante-e-baleado-na-porta-de-casa-em-bicas","status":"publish","type":"post","link":"https:\/\/diarioregionaldigital.com.br\/?p=132462","title":{"rendered":"Comerciante \u00e9 baleado na porta de casa em Bicas"},"content":{"rendered":"<p>Nessa ter\u00e7a-feira, 29, um comerciante de 47 anos foi baleado durante uma tentativa de roubo em Bicas. De acordo com informa\u00e7\u00f5es, dois suspeitos, 19 e 21 anos, foram presos. Um adolescente de 16 anos foi apreendido em Juiz de Fora. A Pol\u00edcia Militar (PM) ainda tenta localizar um poss\u00edvel quarto suspeito do roubo.<\/p>\n<p>Foram apreendidos uma arma, tr\u00eas celulares, um bon\u00e9 e a roupa que um dos suspeitos usava no momento do assalto. O comerciante foi encaminhado ao Hospital de Pronto Socorro (HPS) em Juiz de Fora. Ainda n\u00e3o se sabe o estado de sa\u00fade dele. O crime ser\u00e1 encaminhado para a Pol\u00edcia Civil.<\/p>\n","protected":false},"excerpt":{"rendered":"<p>Nessa ter\u00e7a-feira, 29, um comerciante de 47 anos foi baleado durante uma tentativa de roubo em Bicas. De acordo com informa\u00e7\u00f5es, dois suspeitos, 19 e 21 anos, foram presos. Um adolescente de 16 anos foi apreendido em Juiz de Fora. A Pol\u00edcia Militar (PM) ainda tenta localizar um poss\u00edvel quarto suspeito do roubo. Foram apreendidos [&hellip;]<\/p>\n","protected":false},"author":96,"featured_media":95105,"comment_status":"closed","ping_status":"closed","sticky":false,"template":"","format":"standard","meta":{"footnotes":""},"categories":[252,439],"tags":[],"class_list":["post-132462","post","type-post","status-publish","format-standard","has-post-thumbnail","hentry","category-regiao","category-ultima-hora"],"_links":{"self":[{"href":"https:\/\/diarioregionaldigital.com.br\/index.php?rest_route=\/wp\/v2\/posts\/132462","targetHints":{"allow":["GET"]}}],"collection":[{"href":"https:\/\/diarioregionaldigital.com.br\/index.php?rest_route=\/wp\/v2\/posts"}],"about":[{"href":"https:\/\/diarioregionaldigital.com.br\/index.php?rest_route=\/wp\/v2\/types\/post"}],"author":[{"embeddable":true,"href":"https:\/\/diarioregionaldigital.com.br\/index.php?rest_route=\/wp\/v2\/users\/96"}],"replies":[{"embeddable":true,"href":"https:\/\/diarioregionaldigital.com.br\/index.php?rest_route=%2Fwp%2Fv2%2Fcomments&post=132462"}],"version-history":[{"count":0,"href":"https:\/\/diarioregionaldigital.com.br\/index.php?rest_route=\/wp\/v2\/posts\/132462\/revisions"}],"wp:featuredmedia":[{"embeddable":true,"href":"https:\/\/diarioregionaldigital.com.br\/index.php?rest_route=\/wp\/v2\/media\/95105"}],"wp:attachment":[{"href":"https:\/\/diarioregionaldigital.com.br\/index.php?rest_route=%2Fwp%2Fv2%2Fmedia&parent=132462"}],"wp:term":[{"taxonomy":"category","embeddable":true,"href":"https:\/\/diarioregionaldigital.com.br\/index.php?rest_route=%2Fwp%2Fv2%2Fcategories&post=132462"},{"taxonomy":"post_tag","embeddable":true,"href":"https:\/\/diarioregionaldigital.com.br\/index.php?rest_route=%2Fwp%2Fv2%2Ftags&post=132462"}],"curies":[{"name":"wp","href":"https:\/\/api.w.org\/{rel}","templated":true}]}}