{"id":132446,"date":"2019-01-30T11:27:18","date_gmt":"2019-01-30T13:27:18","guid":{"rendered":"https:\/\/diarioregionaldigital.com.br\/?p=132446"},"modified":"2019-01-30T11:27:18","modified_gmt":"2019-01-30T13:27:18","slug":"projeto-bordando-no-museu-tem-sua-primeira-edicao-do-ano-no-domingo","status":"publish","type":"post","link":"https:\/\/diarioregionaldigital.com.br\/?p=132446","title":{"rendered":"Projeto \u201cBordando no Museu\u201d tem sua primeira edi\u00e7\u00e3o do ano no domingo"},"content":{"rendered":"<p>No domingo, 3 de fevereiro, \u00e0s 14 horas, o Parque do Museu \u201cMariano Proc\u00f3pio\u201d receber\u00e1 o primeiro encontro de 2019 do projeto \u201cBordando no Museu\u201d. A iniciativa, das artes\u00e3s de Juiz de Fora, tem como objetivo reunir praticantes do bordado livre e outras t\u00e9cnicas, n\u00e3o apenas para troca de informa\u00e7\u00f5es, mas para promo\u00e7\u00e3o de um espa\u00e7o de conviv\u00eancia.<\/p>\n<p>O evento \u00e9 realizado uma vez por m\u00eas, sempre em uma tarde de domingo. Para participar n\u00e3o \u00e9 necess\u00e1rio fazer inscri\u00e7\u00e3o, basta levar o material e aproveitar ao m\u00e1ximo o espa\u00e7o oferecido pelo Museu e as prosas e dicas de outras artes\u00e3s.<\/p>\n<p><em>Fonte: Assessoria<\/em><\/p>\n","protected":false},"excerpt":{"rendered":"<p>No domingo, 3 de fevereiro, \u00e0s 14 horas, o Parque do Museu \u201cMariano Proc\u00f3pio\u201d receber\u00e1 o primeiro encontro de 2019 do projeto \u201cBordando no Museu\u201d. A iniciativa, das artes\u00e3s de Juiz de Fora, tem como objetivo reunir praticantes do bordado livre e outras t\u00e9cnicas, n\u00e3o apenas para troca de informa\u00e7\u00f5es, mas para promo\u00e7\u00e3o de um [&hellip;]<\/p>\n","protected":false},"author":96,"featured_media":0,"comment_status":"closed","ping_status":"closed","sticky":false,"template":"","format":"standard","meta":{"footnotes":""},"categories":[256,439],"tags":[],"class_list":["post-132446","post","type-post","status-publish","format-standard","hentry","category-cultura","category-ultima-hora"],"_links":{"self":[{"href":"https:\/\/diarioregionaldigital.com.br\/index.php?rest_route=\/wp\/v2\/posts\/132446","targetHints":{"allow":["GET"]}}],"collection":[{"href":"https:\/\/diarioregionaldigital.com.br\/index.php?rest_route=\/wp\/v2\/posts"}],"about":[{"href":"https:\/\/diarioregionaldigital.com.br\/index.php?rest_route=\/wp\/v2\/types\/post"}],"author":[{"embeddable":true,"href":"https:\/\/diarioregionaldigital.com.br\/index.php?rest_route=\/wp\/v2\/users\/96"}],"replies":[{"embeddable":true,"href":"https:\/\/diarioregionaldigital.com.br\/index.php?rest_route=%2Fwp%2Fv2%2Fcomments&post=132446"}],"version-history":[{"count":0,"href":"https:\/\/diarioregionaldigital.com.br\/index.php?rest_route=\/wp\/v2\/posts\/132446\/revisions"}],"wp:attachment":[{"href":"https:\/\/diarioregionaldigital.com.br\/index.php?rest_route=%2Fwp%2Fv2%2Fmedia&parent=132446"}],"wp:term":[{"taxonomy":"category","embeddable":true,"href":"https:\/\/diarioregionaldigital.com.br\/index.php?rest_route=%2Fwp%2Fv2%2Fcategories&post=132446"},{"taxonomy":"post_tag","embeddable":true,"href":"https:\/\/diarioregionaldigital.com.br\/index.php?rest_route=%2Fwp%2Fv2%2Ftags&post=132446"}],"curies":[{"name":"wp","href":"https:\/\/api.w.org\/{rel}","templated":true}]}}