{"id":132443,"date":"2019-01-30T11:23:23","date_gmt":"2019-01-30T13:23:23","guid":{"rendered":"https:\/\/diarioregionaldigital.com.br\/?p=132443"},"modified":"2019-01-30T11:23:23","modified_gmt":"2019-01-30T13:23:23","slug":"parentes-vivem-angustia-na-busca-por-desaparecidos-em-tragedia-em-mg","status":"publish","type":"post","link":"https:\/\/diarioregionaldigital.com.br\/?p=132443","title":{"rendered":"Parentes vivem ang\u00fastia na busca por desaparecidos em trag\u00e9dia em MG"},"content":{"rendered":"<p>Dezenas de familiares se aglomeram todos os dias em busca de informa\u00e7\u00f5es. A cena se repete desde a \u00faltima sexta-feira, 25, quando a Barragem 1 de rejeitos da mineradora Vale\u00a0<a href=\"http:\/\/agenciabrasil.ebc.com.br\/geral\/noticia\/2019-01\/barragem-da-vale-rompe-em-brumadinho-mg\" target=\"_blank\" rel=\"noopener\">se rompeu<\/a>\u00a0e deixou um rastro de lama e mais de\u00a0<a href=\"http:\/\/agenciabrasil.ebc.com.br\/geral\/noticia\/2019-01\/numero-de-mortos-em-brumadinho-chega-84-42-foram-identificados\" target=\"_blank\" rel=\"noopener\">270 desaparecidos<\/a>\u00a0em Brumadinho, no interior mineiro. O n\u00famero de\u00a0<a href=\"http:\/\/agenciabrasil.ebc.com.br\/geral\/noticia\/2019-01\/vida-nao-tem-preco-diz-fux-sobre-rompimento-de-barragem\" target=\"_blank\" rel=\"noopener\">mortos\u00a0<\/a>chega a 84.<\/p>\n<p>Na porta de um dos centros de atendimento montados no munic\u00edpio, encontramos dois irm\u00e3os que buscavam, com fotos nas m\u00e3os, qualquer not\u00edcia da irm\u00e3 Gislene, de 53 anos. Edir Lazaro do Amaral \u00e9 comerciante e conta que ela estava dentro do refeit\u00f3rio da empresa Vale na hora do rompimento da barragem. \u201cEla passou mensagens \u00e0s 12h21 para algumas amigas. [Poucos minutos depois], uma vizinha viu a not\u00edcia e me avisou l\u00e1 no restaurante. At\u00e9 pediu para n\u00e3o avisar a minha m\u00e3e. A\u00ed entrei em desespero\u201d, relembra.<\/p>\n<p>Gislene \u00e9 uma das 276 pessoas consideradas desaparecidas at\u00e9 o momento. Ela trabalhava h\u00e1 17 anos na Vale e, segundo o irm\u00e3o, comemorava a compra de um carro novo e ainda cuidava da m\u00e3e idosa. \u201cA gente est\u00e1 muito chateado, chorando muito. Est\u00e1 uma tristeza danada. Nem estou abrindo o meu restaurante. Estamos neste sofrimento. Minha m\u00e3e \u00e9 acamada, n\u00f3s n\u00e3o tivemos condi\u00e7\u00f5es de avis\u00e1-la de imediato, ela ficou sabendo pela televis\u00e3o\u201d, conta.<\/p>\n<p>Apesar da saudade e da tristeza, para Edir, o mais importante agora \u00e9 conseguir enterrar a irm\u00e3. \u201cA esperan\u00e7a nossa \u00e9 encontrar pelo menos o corpo dela para a gente ter um enterro digno, porque ela n\u00e3o merecia essa morte\u201d, acrescenta emocionado.<\/p>\n<p>Do outro lado da cidade de Brumadinho, aos p\u00e9s do que j\u00e1 foi um riacho, encontramos o mec\u00e2nico Nelson Jos\u00e9 da Silva Junior. De olhar perdido, observando o mar de lama, ele relembra que nasceu e foi criado ali. S\u00e3o 36 anos aqui, ao lado da barragem. \u201cN\u00e3o imaginava [isso], n\u00e9, porque \u00e9 tudo fiscalizado. N\u00e3o sabia que a situa\u00e7\u00e3o era dessa forma. Muita gente que trabalhava l\u00e1 pr\u00f3ximo dizia que tinha perigo [de rompimento], que estava vazando, mas eu mesmo n\u00e3o sabia disso.\u201d<\/p>\n<p>Todos os moradores da regi\u00e3o onde vivia Nelson precisaram sair do local assim que a barragem de rejeitos se rompeu. Ele estava trabalhando longe dali. A esposa e o filho, que estavam em casa, conseguiram fugir. Mas, a irm\u00e3 que trabalhava na Vale continua desaparecida. \u201cEla trabalhava na medicina do trabalho. E at\u00e9 hoje n\u00e3o temos not\u00edcia, nada, nada. J\u00e1 fomos a hospital, IML, j\u00e1 andei essas matas todas e n\u00e3o encontrei nada.\u2019\u2019<\/p>\n<p>A busca \u00e9 pela irm\u00e3 mais nova Fernanda, de 32 anos. Ela comemorava a conclus\u00e3o recente da t\u00e3o sonhada faculdade de psicologia. Mas, infelizmente, n\u00e3o poder\u00e1 participar da Cola\u00e7\u00e3o de Grau. \u201cEla estava t\u00e3o feliz. Chegou a tirar todas as fotos. O pessoal da faculdade ligou pra nossa fam\u00edlia, n\u00f3s ficamos sem saber o que dizer. \u00c9 muita tristeza.\u2019\u2019<\/p>\n<p>A cada helic\u00f3ptero que sobe e desce ali, fazendo resgates e buscas, Nelson fala, com l\u00e1grimas nos olhos: \u201cSer\u00e1 que \u00e9 a minha irm\u00e3?\u201d<\/p>\n<p><em>Fonte: Ag\u00eancia Brasil<\/em><\/p>\n","protected":false},"excerpt":{"rendered":"<p>Dezenas de familiares se aglomeram todos os dias em busca de informa\u00e7\u00f5es. A cena se repete desde a \u00faltima sexta-feira, 25, quando a Barragem 1 de rejeitos da mineradora Vale\u00a0se rompeu\u00a0e deixou um rastro de lama e mais de\u00a0270 desaparecidos\u00a0em Brumadinho, no interior mineiro. O n\u00famero de\u00a0mortos\u00a0chega a 84. Na porta de um dos centros [&hellip;]<\/p>\n","protected":false},"author":96,"featured_media":0,"comment_status":"closed","ping_status":"closed","sticky":false,"template":"","format":"standard","meta":{"footnotes":""},"categories":[302,439],"tags":[],"class_list":["post-132443","post","type-post","status-publish","format-standard","hentry","category-brasil-mundo","category-ultima-hora"],"_links":{"self":[{"href":"https:\/\/diarioregionaldigital.com.br\/index.php?rest_route=\/wp\/v2\/posts\/132443","targetHints":{"allow":["GET"]}}],"collection":[{"href":"https:\/\/diarioregionaldigital.com.br\/index.php?rest_route=\/wp\/v2\/posts"}],"about":[{"href":"https:\/\/diarioregionaldigital.com.br\/index.php?rest_route=\/wp\/v2\/types\/post"}],"author":[{"embeddable":true,"href":"https:\/\/diarioregionaldigital.com.br\/index.php?rest_route=\/wp\/v2\/users\/96"}],"replies":[{"embeddable":true,"href":"https:\/\/diarioregionaldigital.com.br\/index.php?rest_route=%2Fwp%2Fv2%2Fcomments&post=132443"}],"version-history":[{"count":0,"href":"https:\/\/diarioregionaldigital.com.br\/index.php?rest_route=\/wp\/v2\/posts\/132443\/revisions"}],"wp:attachment":[{"href":"https:\/\/diarioregionaldigital.com.br\/index.php?rest_route=%2Fwp%2Fv2%2Fmedia&parent=132443"}],"wp:term":[{"taxonomy":"category","embeddable":true,"href":"https:\/\/diarioregionaldigital.com.br\/index.php?rest_route=%2Fwp%2Fv2%2Fcategories&post=132443"},{"taxonomy":"post_tag","embeddable":true,"href":"https:\/\/diarioregionaldigital.com.br\/index.php?rest_route=%2Fwp%2Fv2%2Ftags&post=132443"}],"curies":[{"name":"wp","href":"https:\/\/api.w.org\/{rel}","templated":true}]}}