{"id":132223,"date":"2019-01-28T11:38:46","date_gmt":"2019-01-28T13:38:46","guid":{"rendered":"https:\/\/diarioregionaldigital.com.br\/?p=132223"},"modified":"2019-01-28T19:24:05","modified_gmt":"2019-01-28T21:24:05","slug":"camara-de-juiz-de-fora-recebe-doacoes-para-as-vitimas-de-brumadinho-ate-esta-terca-feira","status":"publish","type":"post","link":"https:\/\/diarioregionaldigital.com.br\/?p=132223","title":{"rendered":"C\u00e2mara de Juiz de Fora recebe doa\u00e7\u00f5es para as v\u00edtimas de Brumadinho at\u00e9 esta ter\u00e7a-feira"},"content":{"rendered":"<p>Em solidariedade a trag\u00e9dia em que ocorreu na sexta-feira, 25, em Brumadinho, a C\u00e2mara Municipal de Juiz de Fora est\u00e1 realizando uma campanha de arrecada\u00e7\u00e3o de donativos e materiais para serem enviados \u00e0s v\u00edtimas do ocorrido.<\/p>\n<p>A campanha come\u00e7ou a ser feita no s\u00e1bado, 26, e desde ent\u00e3o diversas doa\u00e7\u00f5es foram recebidas. A a\u00e7\u00e3o vai durar at\u00e9 est\u00e1 ter\u00e7a-feira, 29, e as doa\u00e7\u00f5es podem ser feitas diretamente no local, de 8h \u00e0s 18h. \u00a0A assessoria da C\u00e2mara Municipal informou que est\u00e3o recebendo apenas os itens espec\u00edficos, sendo eles \u00e1gua mineral, alimentos n\u00e3o perec\u00edveis, produtos de higiene (principalmente para mulheres) e ra\u00e7\u00e3o.<\/p>\n<p>A expectativa \u00e9 de que um caminh\u00e3o com os donativos e materiais recebidos seja enviado para Brumadinho na quarta-feira, 30.<\/p>\n<p>Os populares que est\u00e3o doando roupas s\u00e3o informados no local que caso n\u00e3o haja necessidade da realiza\u00e7\u00e3o da doa\u00e7\u00e3o desse produto, as pe\u00e7as, bem como os demais donativos recolhidos e que n\u00e3o forem destinados a Brumadinho, ser\u00e3o encaminhados para institui\u00e7\u00f5es da cidade que estejam necessitando. Um levantamento ser\u00e1 feito para que as doa\u00e7\u00f5es sejam distribu\u00eddas da melhor forma.<\/p>\n<p>A Defesa Civil faz um alerta para falsos sites que est\u00e3o arrecadando recursos para o desastre em Brumadinho. Segundo a pasta, \u201cningu\u00e9m est\u00e1 autorizado a recolher qualquer valor em nome do Estado.\u201d<\/p>\n","protected":false},"excerpt":{"rendered":"<p>Em solidariedade a trag\u00e9dia em que ocorreu na sexta-feira, 25, em Brumadinho, a C\u00e2mara Municipal de Juiz de Fora est\u00e1 realizando uma campanha de arrecada\u00e7\u00e3o de donativos e materiais para serem enviados \u00e0s v\u00edtimas do ocorrido. A campanha come\u00e7ou a ser feita no s\u00e1bado, 26, e desde ent\u00e3o diversas doa\u00e7\u00f5es foram recebidas. A a\u00e7\u00e3o vai [&hellip;]<\/p>\n","protected":false},"author":96,"featured_media":132259,"comment_status":"closed","ping_status":"closed","sticky":false,"template":"","format":"standard","meta":{"footnotes":""},"categories":[253,436,440,439],"tags":[],"class_list":["post-132223","post","type-post","status-publish","format-standard","has-post-thumbnail","hentry","category-cidade","category-destaque-da-semana","category-destaques-do-dia","category-ultima-hora"],"_links":{"self":[{"href":"https:\/\/diarioregionaldigital.com.br\/index.php?rest_route=\/wp\/v2\/posts\/132223","targetHints":{"allow":["GET"]}}],"collection":[{"href":"https:\/\/diarioregionaldigital.com.br\/index.php?rest_route=\/wp\/v2\/posts"}],"about":[{"href":"https:\/\/diarioregionaldigital.com.br\/index.php?rest_route=\/wp\/v2\/types\/post"}],"author":[{"embeddable":true,"href":"https:\/\/diarioregionaldigital.com.br\/index.php?rest_route=\/wp\/v2\/users\/96"}],"replies":[{"embeddable":true,"href":"https:\/\/diarioregionaldigital.com.br\/index.php?rest_route=%2Fwp%2Fv2%2Fcomments&post=132223"}],"version-history":[{"count":0,"href":"https:\/\/diarioregionaldigital.com.br\/index.php?rest_route=\/wp\/v2\/posts\/132223\/revisions"}],"wp:featuredmedia":[{"embeddable":true,"href":"https:\/\/diarioregionaldigital.com.br\/index.php?rest_route=\/wp\/v2\/media\/132259"}],"wp:attachment":[{"href":"https:\/\/diarioregionaldigital.com.br\/index.php?rest_route=%2Fwp%2Fv2%2Fmedia&parent=132223"}],"wp:term":[{"taxonomy":"category","embeddable":true,"href":"https:\/\/diarioregionaldigital.com.br\/index.php?rest_route=%2Fwp%2Fv2%2Fcategories&post=132223"},{"taxonomy":"post_tag","embeddable":true,"href":"https:\/\/diarioregionaldigital.com.br\/index.php?rest_route=%2Fwp%2Fv2%2Ftags&post=132223"}],"curies":[{"name":"wp","href":"https:\/\/api.w.org\/{rel}","templated":true}]}}