{"id":132215,"date":"2019-01-28T11:12:15","date_gmt":"2019-01-28T13:12:15","guid":{"rendered":"https:\/\/diarioregionaldigital.com.br\/?p=132215"},"modified":"2019-01-28T16:19:40","modified_gmt":"2019-01-28T18:19:40","slug":"termina-com-exito-a-cirurgia-do-presidente-jair-bolsonaro","status":"publish","type":"post","link":"https:\/\/diarioregionaldigital.com.br\/?p=132215","title":{"rendered":"Termina com \u00eaxito a cirurgia do presidente Jair Bolsonaro"},"content":{"rendered":"<p>A cirurgia de retirada da bolsa de colostomia e reconstru\u00e7\u00e3o do tr\u00e2nsito intestinal do presidente Jair Bolsonaro terminou por volta das 15h30, com \u00eaxito, no Hospital Israelita Albert Einstein, na capital paulista. A informa\u00e7\u00e3o foi dada pela assessoria de imprensa da Presid\u00eancia da Rep\u00fablica.<\/p>\n<p>Um boletim m\u00e9dico sobre o procedimento cir\u00fargico ser\u00e1 divulgado t\u00e3o logo seja autorizado pela equipe m\u00e9dica. \u00c0s 17h, haver\u00e1 entrevista coletiva \u00e0 imprensa com o porta-voz da Presid\u00eancia da Rep\u00fablica, general R\u00eago Barros, no Hospital Albert Einstein.<\/p>\n<p>Bolsonaro deu entrada neste domingo, 27, no hospital e a cirurgia come\u00e7ou na manh\u00e3 desta segunda-feira, 28.<\/p>\n<p>No dia 6 de setembro do ano\u00a0 passado, ao participar de um ato de campanha em Juiz de Fora, Minas Gerais, o ent\u00e3o candidato \u00e0 Presid\u00eancia da Rep\u00fablica foi esfaqueado por Ad\u00e9lio Bispo de Oliveira. Com les\u00f5es nos intestinos delgado e grosso, Bolsonaro foi operado na Santa Casa de Miseric\u00f3rdia de Juiz de Fora e passou a usar uma bolsa de colostomia tempor\u00e1ria. Transferido para S\u00e3o Paulo, ele foi novamente operado no dia 12 de setembro no Hospital Albert Einstein e ficou internado at\u00e9 o dia 29, quando recebeu alta.<\/p>\n<p>Passadas 48 horas da cirurgia, Bolsonaro voltar\u00e1 ao trabalho, ainda no hospital, onde deve ficar 10 dias em recupera\u00e7\u00e3o. O hospital organizou um espa\u00e7o para o presidente despachar.<\/p>\n<p>&nbsp;<\/p>\n<p>Fonte: Ag\u00eancia Brasil<\/p>\n","protected":false},"excerpt":{"rendered":"<p>A cirurgia de retirada da bolsa de colostomia e reconstru\u00e7\u00e3o do tr\u00e2nsito intestinal do presidente Jair Bolsonaro terminou por volta das 15h30, com \u00eaxito, no Hospital Israelita Albert Einstein, na capital paulista. A informa\u00e7\u00e3o foi dada pela assessoria de imprensa da Presid\u00eancia da Rep\u00fablica. Um boletim m\u00e9dico sobre o procedimento cir\u00fargico ser\u00e1 divulgado t\u00e3o logo [&hellip;]<\/p>\n","protected":false},"author":96,"featured_media":132216,"comment_status":"closed","ping_status":"closed","sticky":false,"template":"","format":"standard","meta":{"footnotes":""},"categories":[302,436,440,262,439],"tags":[],"class_list":["post-132215","post","type-post","status-publish","format-standard","has-post-thumbnail","hentry","category-brasil-mundo","category-destaque-da-semana","category-destaques-do-dia","category-noticias","category-ultima-hora"],"_links":{"self":[{"href":"https:\/\/diarioregionaldigital.com.br\/index.php?rest_route=\/wp\/v2\/posts\/132215","targetHints":{"allow":["GET"]}}],"collection":[{"href":"https:\/\/diarioregionaldigital.com.br\/index.php?rest_route=\/wp\/v2\/posts"}],"about":[{"href":"https:\/\/diarioregionaldigital.com.br\/index.php?rest_route=\/wp\/v2\/types\/post"}],"author":[{"embeddable":true,"href":"https:\/\/diarioregionaldigital.com.br\/index.php?rest_route=\/wp\/v2\/users\/96"}],"replies":[{"embeddable":true,"href":"https:\/\/diarioregionaldigital.com.br\/index.php?rest_route=%2Fwp%2Fv2%2Fcomments&post=132215"}],"version-history":[{"count":0,"href":"https:\/\/diarioregionaldigital.com.br\/index.php?rest_route=\/wp\/v2\/posts\/132215\/revisions"}],"wp:featuredmedia":[{"embeddable":true,"href":"https:\/\/diarioregionaldigital.com.br\/index.php?rest_route=\/wp\/v2\/media\/132216"}],"wp:attachment":[{"href":"https:\/\/diarioregionaldigital.com.br\/index.php?rest_route=%2Fwp%2Fv2%2Fmedia&parent=132215"}],"wp:term":[{"taxonomy":"category","embeddable":true,"href":"https:\/\/diarioregionaldigital.com.br\/index.php?rest_route=%2Fwp%2Fv2%2Fcategories&post=132215"},{"taxonomy":"post_tag","embeddable":true,"href":"https:\/\/diarioregionaldigital.com.br\/index.php?rest_route=%2Fwp%2Fv2%2Ftags&post=132215"}],"curies":[{"name":"wp","href":"https:\/\/api.w.org\/{rel}","templated":true}]}}