{"id":132206,"date":"2019-01-28T16:00:46","date_gmt":"2019-01-28T18:00:46","guid":{"rendered":"https:\/\/diarioregionaldigital.com.br\/?p=132206"},"modified":"2019-01-28T16:00:46","modified_gmt":"2019-01-28T18:00:46","slug":"acoes-da-vale-caem-16-na-bolsa-de-valores","status":"publish","type":"post","link":"https:\/\/diarioregionaldigital.com.br\/?p=132206","title":{"rendered":"A\u00e7\u00f5es da Vale caem 16% na Bolsa de Valores"},"content":{"rendered":"<p>O \u00edndice Ibovespa, principal indicador de desempenho das a\u00e7\u00f5es negociadas na B3 (Bolsa de Valores), opera hoje (28), em queda de 1,60% ao atingir 96.111 pontos. As a\u00e7\u00f5es mais negociadas s\u00e3o as da empresa Vale que apresentam queda de mais de 16%.<\/p>\n<p>Na \u00faltima sexta-feira, os\u00a0pap\u00e9is da companhia ca\u00edram 8,08%, a US$ 13,66, na Bolsa de Nova York. No pior momento da sess\u00e3o as a\u00e7\u00f5es cairam 14%. Em S\u00e3o Paulo, devido ao feriado de anivers\u00e1rio da cidade, n\u00e3o houve preg\u00e3o.<\/p>\n<p>Na B3, os pap\u00e9is da mineradora acumulavam alta de 10,1% desde o in\u00edcio do ano at\u00e9 o dia 24. Na bolsa de valores americana, os pap\u00e9is subiram 12,7% no mesmo per\u00edodo.<\/p>\n<p>A queda ocorre ap\u00f3s a divulga\u00e7\u00e3o do rompimento de uma das barragens da companhia, na Mina do Feij\u00e3o, pr\u00f3xima ao C\u00f3rrego do Feij\u00e3o, na cidade de Brumadinho, na regi\u00e3o metropolitana de Minas Gerais.<\/p>\n<h2>D\u00f3lar<\/h2>\n<p>A moeda americana \u00e9 negociada neste momento a R$ 3,76 (R$ 3,7626), com varia\u00e7\u00e3o de positiva 0,02% em rela\u00e7\u00e3o ao preg\u00e3o anterior.<\/p>\n<p>&nbsp;<\/p>\n<p>Fonte: Ag\u00eancia Brasil<\/p>\n","protected":false},"excerpt":{"rendered":"<p>O \u00edndice Ibovespa, principal indicador de desempenho das a\u00e7\u00f5es negociadas na B3 (Bolsa de Valores), opera hoje (28), em queda de 1,60% ao atingir 96.111 pontos. As a\u00e7\u00f5es mais negociadas s\u00e3o as da empresa Vale que apresentam queda de mais de 16%. Na \u00faltima sexta-feira, os\u00a0pap\u00e9is da companhia ca\u00edram 8,08%, a US$ 13,66, na Bolsa [&hellip;]<\/p>\n","protected":false},"author":96,"featured_media":132207,"comment_status":"closed","ping_status":"closed","sticky":false,"template":"","format":"standard","meta":{"footnotes":""},"categories":[436,261,262,439],"tags":[],"class_list":["post-132206","post","type-post","status-publish","format-standard","has-post-thumbnail","hentry","category-destaque-da-semana","category-economia","category-noticias","category-ultima-hora"],"_links":{"self":[{"href":"https:\/\/diarioregionaldigital.com.br\/index.php?rest_route=\/wp\/v2\/posts\/132206","targetHints":{"allow":["GET"]}}],"collection":[{"href":"https:\/\/diarioregionaldigital.com.br\/index.php?rest_route=\/wp\/v2\/posts"}],"about":[{"href":"https:\/\/diarioregionaldigital.com.br\/index.php?rest_route=\/wp\/v2\/types\/post"}],"author":[{"embeddable":true,"href":"https:\/\/diarioregionaldigital.com.br\/index.php?rest_route=\/wp\/v2\/users\/96"}],"replies":[{"embeddable":true,"href":"https:\/\/diarioregionaldigital.com.br\/index.php?rest_route=%2Fwp%2Fv2%2Fcomments&post=132206"}],"version-history":[{"count":0,"href":"https:\/\/diarioregionaldigital.com.br\/index.php?rest_route=\/wp\/v2\/posts\/132206\/revisions"}],"wp:featuredmedia":[{"embeddable":true,"href":"https:\/\/diarioregionaldigital.com.br\/index.php?rest_route=\/wp\/v2\/media\/132207"}],"wp:attachment":[{"href":"https:\/\/diarioregionaldigital.com.br\/index.php?rest_route=%2Fwp%2Fv2%2Fmedia&parent=132206"}],"wp:term":[{"taxonomy":"category","embeddable":true,"href":"https:\/\/diarioregionaldigital.com.br\/index.php?rest_route=%2Fwp%2Fv2%2Fcategories&post=132206"},{"taxonomy":"post_tag","embeddable":true,"href":"https:\/\/diarioregionaldigital.com.br\/index.php?rest_route=%2Fwp%2Fv2%2Ftags&post=132206"}],"curies":[{"name":"wp","href":"https:\/\/api.w.org\/{rel}","templated":true}]}}