{"id":132201,"date":"2019-01-28T11:12:20","date_gmt":"2019-01-28T13:12:20","guid":{"rendered":"https:\/\/diarioregionaldigital.com.br\/?p=132201"},"modified":"2019-01-28T16:14:49","modified_gmt":"2019-01-28T18:14:49","slug":"cirurgia-de-bolsonaro-esta-indo-bem-diz-filho-do-presidente","status":"publish","type":"post","link":"https:\/\/diarioregionaldigital.com.br\/?p=132201","title":{"rendered":"Cirurgia de Bolsonaro est\u00e1 \u201cindo bem\u201d, diz filho do presidente"},"content":{"rendered":"<p>O deputado federal Eduardo Bolsonaro (PSL-SP) informou, por meio do Twitter, que a cirurgia de seu pai, o presidente Jair Bolsonaro, est\u00e1 &#8220;indo bem&#8221;. \u201cAp\u00f3s a cirurgia, ele ainda fica um tempo em observa\u00e7\u00e3o antes de retornar ao quarto\u201d, disse em resposta a um usu\u00e1rio na rede social.<\/p>\n<p>A cirurgia come\u00e7ou \u00e0s 6h30 desta segunda-feira, 28, com\u00a0previs\u00e3o de durar de tr\u00eas a quatro horas. Por\u00e9m, por volta das 13h, a assessoria de imprensa do presidente n\u00e3o soube informar se o procedimento havia sido conclu\u00eddo.<\/p>\n<p>Em outro tu\u00edte, Eduardo Bolsonaro escreveu que, assim que o pai se recuperar dos efeitos\u00a0da anestesia,\u00a0&#8220;vai voltar direto para o celular, pode ser a hora que for!\u201d.<\/p>\n<p>Bolsonaro passa por cirurgia para\u00a0retirada da bolsa de colostomia e de reconstru\u00e7\u00e3o do tr\u00e2nsito intestinal. A opera\u00e7\u00e3o \u00e9 feita no centro cir\u00fargico do Hospital Israelita Abert Einstein, na capital paulista, onde ele deu entrada no domingo, 27.<\/p>\n<p>H\u00e1 quatro meses, desde o ataque a facadas em Juiz de Fora, Minas Gerais, Bolsonaro utiliza a bolsa. No ano passado, ele passou por\u00a0duas cirurgias de emerg\u00eancia.<\/p>\n<p>Passadas 48 horas da cirurgia, Bolsonaro voltar\u00e1 ao trabalho, ainda no hospital, onde deve ficar 10 dias em recupera\u00e7\u00e3o. O hospital organizou um espa\u00e7o para o presidente despachar.<\/p>\n<p>A equipe respons\u00e1vel pelo procedimento formada pelo\u00a0cirurgi\u00e3o Ant\u00f4nio Luiz Macedo e pelo cardiologista Leandro Echenique. al\u00e9m de\u00a0Miguel Cendoroglo, superintendente do hospital.<\/p>\n<p>&nbsp;<\/p>\n<p>Fonte: Ag\u00eancia Brasil<\/p>\n","protected":false},"excerpt":{"rendered":"<p>O deputado federal Eduardo Bolsonaro (PSL-SP) informou, por meio do Twitter, que a cirurgia de seu pai, o presidente Jair Bolsonaro, est\u00e1 &#8220;indo bem&#8221;. \u201cAp\u00f3s a cirurgia, ele ainda fica um tempo em observa\u00e7\u00e3o antes de retornar ao quarto\u201d, disse em resposta a um usu\u00e1rio na rede social. A cirurgia come\u00e7ou \u00e0s 6h30 desta segunda-feira, [&hellip;]<\/p>\n","protected":false},"author":96,"featured_media":132202,"comment_status":"closed","ping_status":"closed","sticky":false,"template":"","format":"standard","meta":{"footnotes":""},"categories":[302,436,439],"tags":[],"class_list":["post-132201","post","type-post","status-publish","format-standard","has-post-thumbnail","hentry","category-brasil-mundo","category-destaque-da-semana","category-ultima-hora"],"_links":{"self":[{"href":"https:\/\/diarioregionaldigital.com.br\/index.php?rest_route=\/wp\/v2\/posts\/132201","targetHints":{"allow":["GET"]}}],"collection":[{"href":"https:\/\/diarioregionaldigital.com.br\/index.php?rest_route=\/wp\/v2\/posts"}],"about":[{"href":"https:\/\/diarioregionaldigital.com.br\/index.php?rest_route=\/wp\/v2\/types\/post"}],"author":[{"embeddable":true,"href":"https:\/\/diarioregionaldigital.com.br\/index.php?rest_route=\/wp\/v2\/users\/96"}],"replies":[{"embeddable":true,"href":"https:\/\/diarioregionaldigital.com.br\/index.php?rest_route=%2Fwp%2Fv2%2Fcomments&post=132201"}],"version-history":[{"count":0,"href":"https:\/\/diarioregionaldigital.com.br\/index.php?rest_route=\/wp\/v2\/posts\/132201\/revisions"}],"wp:featuredmedia":[{"embeddable":true,"href":"https:\/\/diarioregionaldigital.com.br\/index.php?rest_route=\/wp\/v2\/media\/132202"}],"wp:attachment":[{"href":"https:\/\/diarioregionaldigital.com.br\/index.php?rest_route=%2Fwp%2Fv2%2Fmedia&parent=132201"}],"wp:term":[{"taxonomy":"category","embeddable":true,"href":"https:\/\/diarioregionaldigital.com.br\/index.php?rest_route=%2Fwp%2Fv2%2Fcategories&post=132201"},{"taxonomy":"post_tag","embeddable":true,"href":"https:\/\/diarioregionaldigital.com.br\/index.php?rest_route=%2Fwp%2Fv2%2Ftags&post=132201"}],"curies":[{"name":"wp","href":"https:\/\/api.w.org\/{rel}","templated":true}]}}