{"id":132194,"date":"2019-01-28T14:37:53","date_gmt":"2019-01-28T16:37:53","guid":{"rendered":"https:\/\/diarioregionaldigital.com.br\/?p=132194"},"modified":"2019-01-28T14:47:40","modified_gmt":"2019-01-28T16:47:40","slug":"funcionarios-da-mrs-estao-entre-as-pessoas-desaparecidas-em-brumadinho","status":"publish","type":"post","link":"https:\/\/diarioregionaldigital.com.br\/?p=132194","title":{"rendered":"Funcion\u00e1rios da MRS est\u00e3o entre as pessoas desaparecidas em Brumadinho"},"content":{"rendered":"<p>Dois funcion\u00e1rios da MRS Log\u00edstica\u00a0e dois colaboradores terceirizados da empresa est\u00e3o entre os 292 desaparecidos na trag\u00e9dia em Brumadinho, que aconteceu na \u00faltima sexta-feira, 25, ap\u00f3s o rompimento da barragem da mina do C\u00f3rrego do Feij\u00e3o, da mineradora Vale.<\/p>\n<p>A informa\u00e7\u00e3o foi divulgada pela MRS, que administra a malha ferrovi\u00e1ria de 105 cidade entre os estados de Minas Gerais, S\u00e3o Paulo e Rio de Janeiro, nesta segunda-feira, 28. A empresa n\u00e3o informou de qual cidade s\u00e3o as v\u00edtimas.<\/p>\n<p>Em nota, a MRS informa que os familiares dos envolvidos est\u00e3o recebendo suporte desde as primeiras horas do acontecimento.<\/p>\n<p>Abaixo voc\u00ea confere a nota na \u00edntegra:<\/p>\n<p>\u201cNos solidarizamos com as v\u00edtimas e familiares envolvidos na trag\u00e9dia em Brumadinho. No momento do rompimento da barragem, havia dois colaboradores da MRS e dois colaboradores terceirizados em atividade no terminal. Desde as primeiras horas, nosso time est\u00e1 dando suporte \u00e0s fam\u00edlias dos colaboradores, que continuam desaparecidos, e em contato com as autoridades e equipes de busca, oferecendo o suporte necess\u00e1rio. Todas as equipes alocadas em locais pr\u00f3ximos foram retiradas em total seguran\u00e7a.<\/p>\n<p>Pelas dimens\u00f5es e caracter\u00edsticas do desastre, \u00e9 natural que haja um excesso de informa\u00e7\u00f5es circulando. Muitas dessas not\u00edcias s\u00e3o incertas, imprecisas ou simplesmente improcedentes. O impacto do rompimento da barragem foi restrito \u00e0 estrutura ferrovi\u00e1ria do terminal da Vale, e temos ainda poucas informa\u00e7\u00f5es sobre isso, que ser\u00e3o apuradas num segundo momento. As informa\u00e7\u00f5es oficiais est\u00e3o sendo postadas no site\u00a0<a href=\"http:\/\/brumadinho.vale.com\/\">http:\/\/brumadinho.vale.com\/<\/a>.<\/p>\n<p>Seguimos dando o apoio necess\u00e1rio, com nossas equipes profundamente sensibilizadas pelo epis\u00f3dio,\u00a0especialmente no que diz respeito a nossos colegas desaparecidos\u201d,\u00a0 informou.<\/p>\n<p>&nbsp;<\/p>\n","protected":false},"excerpt":{"rendered":"<p>Dois funcion\u00e1rios da MRS Log\u00edstica\u00a0e dois colaboradores terceirizados da empresa est\u00e3o entre os 292 desaparecidos na trag\u00e9dia em Brumadinho, que aconteceu na \u00faltima sexta-feira, 25, ap\u00f3s o rompimento da barragem da mina do C\u00f3rrego do Feij\u00e3o, da mineradora Vale. A informa\u00e7\u00e3o foi divulgada pela MRS, que administra a malha ferrovi\u00e1ria de 105 cidade entre os [&hellip;]<\/p>\n","protected":false},"author":96,"featured_media":132195,"comment_status":"closed","ping_status":"closed","sticky":false,"template":"","format":"standard","meta":{"footnotes":""},"categories":[253,436,440,439],"tags":[],"class_list":["post-132194","post","type-post","status-publish","format-standard","has-post-thumbnail","hentry","category-cidade","category-destaque-da-semana","category-destaques-do-dia","category-ultima-hora"],"_links":{"self":[{"href":"https:\/\/diarioregionaldigital.com.br\/index.php?rest_route=\/wp\/v2\/posts\/132194","targetHints":{"allow":["GET"]}}],"collection":[{"href":"https:\/\/diarioregionaldigital.com.br\/index.php?rest_route=\/wp\/v2\/posts"}],"about":[{"href":"https:\/\/diarioregionaldigital.com.br\/index.php?rest_route=\/wp\/v2\/types\/post"}],"author":[{"embeddable":true,"href":"https:\/\/diarioregionaldigital.com.br\/index.php?rest_route=\/wp\/v2\/users\/96"}],"replies":[{"embeddable":true,"href":"https:\/\/diarioregionaldigital.com.br\/index.php?rest_route=%2Fwp%2Fv2%2Fcomments&post=132194"}],"version-history":[{"count":0,"href":"https:\/\/diarioregionaldigital.com.br\/index.php?rest_route=\/wp\/v2\/posts\/132194\/revisions"}],"wp:featuredmedia":[{"embeddable":true,"href":"https:\/\/diarioregionaldigital.com.br\/index.php?rest_route=\/wp\/v2\/media\/132195"}],"wp:attachment":[{"href":"https:\/\/diarioregionaldigital.com.br\/index.php?rest_route=%2Fwp%2Fv2%2Fmedia&parent=132194"}],"wp:term":[{"taxonomy":"category","embeddable":true,"href":"https:\/\/diarioregionaldigital.com.br\/index.php?rest_route=%2Fwp%2Fv2%2Fcategories&post=132194"},{"taxonomy":"post_tag","embeddable":true,"href":"https:\/\/diarioregionaldigital.com.br\/index.php?rest_route=%2Fwp%2Fv2%2Ftags&post=132194"}],"curies":[{"name":"wp","href":"https:\/\/api.w.org\/{rel}","templated":true}]}}