{"id":132184,"date":"2019-01-28T13:36:44","date_gmt":"2019-01-28T15:36:44","guid":{"rendered":"https:\/\/diarioregionaldigital.com.br\/?p=132184"},"modified":"2019-01-28T13:36:44","modified_gmt":"2019-01-28T15:36:44","slug":"cpc-abre-inscricoes-na-proxima-semana","status":"publish","type":"post","link":"https:\/\/diarioregionaldigital.com.br\/?p=132184","title":{"rendered":"CPC abre inscri\u00e7\u00f5es na pr\u00f3xima semana"},"content":{"rendered":"<p>O Curso Preparat\u00f3rio para Concurso (CPC) da Prefeitura de Juiz de Fora (PJF) estar\u00e1 com inscri\u00e7\u00f5es abertas entre 4 e 8 de fevereiro. O CPC oferece cursos preparat\u00f3rios para o Exame Nacional do Ensino M\u00e9dio (Enem), Programa de Ingresso Seletivo Misto (Pism), Instituto Federal de Educa\u00e7\u00e3o, Ci\u00eancia e Tecnologia (IF), concursos em geral, curso b\u00e1sico de idiomas (ingl\u00eas e espanhol), al\u00e9m de aulas de reda\u00e7\u00e3o, interpreta\u00e7\u00e3o de texto, direito e inform\u00e1tica. Neste ano, a novidade \u00e9 a oferta de aulas com foco no exame da Escola de Sargentos das Armas e para o processo seletivo do Col\u00e9gio dos Jesu\u00edtas.<\/p>\n<p>Os cadastros devem ser realizados das 8 horas \u00e0s 11h30 ou das 14h30 \u00e0s 17h30, na Rua Marechal Deodoro, 230, 3\u00ba andar. O valor da taxa de inscri\u00e7\u00e3o \u00e9 de R$ 94,82. Quem \u00e9 cadastrado no Bolsa Fam\u00edlia ou no Benef\u00edcio de Presta\u00e7\u00e3o Continuada (BPC) tem direito a isen\u00e7\u00e3o da taxa. N\u00e3o h\u00e1 mensalidade. Para se cadastrar, s\u00e3o necess\u00e1rios os seguintes documentos:<\/p>\n<p>\u2013 Carteira de identidade;<br \/>\n\u2013 Cadastro de Pessoa F\u00edsica (CPF);<br \/>\n\u2013 Comprovante de renda familiar;<br \/>\n\u2013 Comprovante de resid\u00eancia;<br \/>\n\u2013 Hist\u00f3rico escolar;<br \/>\n\u2013 Comprovante de recebimento do Bolsa Fam\u00edlia ou BPC, caso seja benefici\u00e1rio.<\/p>\n<p><b>CPC<\/b><\/p>\n<p>Programa da Secretaria de Desenvolvimento Social (SDS) da PJF, que tem como objetivo criar oportunidades para estudantes de baixa renda ingressarem no ensino superior ou t\u00e9cnico. Para isso, oferece cursos preparat\u00f3rios que possibilitam aos alunos concorrer em n\u00edvel de igualdade nos processos seletivos. Oferta, tamb\u00e9m, prepara\u00e7\u00e3o para estudantes que desejam realizar provas para concursos p\u00fablicos municipais e estaduais. Outras informa\u00e7\u00f5es sobre o CPC pelo telefone 3690-8503.<\/p>\n<p>&nbsp;<\/p>\n<p>Fonte: PJF<\/p>\n","protected":false},"excerpt":{"rendered":"<p>O Curso Preparat\u00f3rio para Concurso (CPC) da Prefeitura de Juiz de Fora (PJF) estar\u00e1 com inscri\u00e7\u00f5es abertas entre 4 e 8 de fevereiro. O CPC oferece cursos preparat\u00f3rios para o Exame Nacional do Ensino M\u00e9dio (Enem), Programa de Ingresso Seletivo Misto (Pism), Instituto Federal de Educa\u00e7\u00e3o, Ci\u00eancia e Tecnologia (IF), concursos em geral, curso b\u00e1sico [&hellip;]<\/p>\n","protected":false},"author":96,"featured_media":132185,"comment_status":"closed","ping_status":"closed","sticky":false,"template":"","format":"standard","meta":{"footnotes":""},"categories":[253,436,262,439],"tags":[],"class_list":["post-132184","post","type-post","status-publish","format-standard","has-post-thumbnail","hentry","category-cidade","category-destaque-da-semana","category-noticias","category-ultima-hora"],"_links":{"self":[{"href":"https:\/\/diarioregionaldigital.com.br\/index.php?rest_route=\/wp\/v2\/posts\/132184","targetHints":{"allow":["GET"]}}],"collection":[{"href":"https:\/\/diarioregionaldigital.com.br\/index.php?rest_route=\/wp\/v2\/posts"}],"about":[{"href":"https:\/\/diarioregionaldigital.com.br\/index.php?rest_route=\/wp\/v2\/types\/post"}],"author":[{"embeddable":true,"href":"https:\/\/diarioregionaldigital.com.br\/index.php?rest_route=\/wp\/v2\/users\/96"}],"replies":[{"embeddable":true,"href":"https:\/\/diarioregionaldigital.com.br\/index.php?rest_route=%2Fwp%2Fv2%2Fcomments&post=132184"}],"version-history":[{"count":0,"href":"https:\/\/diarioregionaldigital.com.br\/index.php?rest_route=\/wp\/v2\/posts\/132184\/revisions"}],"wp:featuredmedia":[{"embeddable":true,"href":"https:\/\/diarioregionaldigital.com.br\/index.php?rest_route=\/wp\/v2\/media\/132185"}],"wp:attachment":[{"href":"https:\/\/diarioregionaldigital.com.br\/index.php?rest_route=%2Fwp%2Fv2%2Fmedia&parent=132184"}],"wp:term":[{"taxonomy":"category","embeddable":true,"href":"https:\/\/diarioregionaldigital.com.br\/index.php?rest_route=%2Fwp%2Fv2%2Fcategories&post=132184"},{"taxonomy":"post_tag","embeddable":true,"href":"https:\/\/diarioregionaldigital.com.br\/index.php?rest_route=%2Fwp%2Fv2%2Ftags&post=132184"}],"curies":[{"name":"wp","href":"https:\/\/api.w.org\/{rel}","templated":true}]}}