{"id":132174,"date":"2019-01-28T12:07:47","date_gmt":"2019-01-28T14:07:47","guid":{"rendered":"https:\/\/diarioregionaldigital.com.br\/?p=132174"},"modified":"2019-01-28T12:07:47","modified_gmt":"2019-01-28T14:07:47","slug":"neymar-tem-fratura-constatada-e-sera-avaliado-por-rodrigo-lasmar","status":"publish","type":"post","link":"https:\/\/diarioregionaldigital.com.br\/?p=132174","title":{"rendered":"Neymar tem fratura constatada e ser\u00e1 avaliado por Rodrigo Lasmar"},"content":{"rendered":"<p>Neymar tem novamente uma fratura no quinto metatarso do p\u00e9 direito, les\u00e3o semelhante a que o afastou dos gramados \u00e0s v\u00e9speras da Copa do Mundo de 2018. Segundo o jornal franc\u00eas\u00a0Le Parisien, exames de imagem constataram uma linha de fratura na regi\u00e3o e uma nova cirurgia n\u00e3o est\u00e1 descartada.<\/p>\n<p>Diante desse cen\u00e1rio, o\u00a0 Paris Saint- Germain convidou o m\u00e9dico da Sele\u00e7\u00e3o Brasileira, Rodrigo Lasmar, para avaliar a situa\u00e7\u00e3o do atacante. O profissional, respons\u00e1vel pela primeira opera\u00e7\u00e3o de Neymar no local, realizada em fevereiro do \u00faltimo ano, viaja nesta segunda-feira para Paris a fim de opinar sobre qual ser\u00e1 o melhor m\u00e9todo de recupera\u00e7\u00e3o.\u00a0Nesse domingo, Tite j\u00e1 havia visitado o atleta antes de presenciar a vit\u00f3ria do clube parisiense sobre o Rennes \u00a0pelo Campeonato Franc\u00eas.<\/p>\n<p>Neymar passou pela primeira avalia\u00e7\u00e3o m\u00e9dica na quarta-feira, logo ap\u00f3s o triunfo do PSG sobre o Strasbourg pela Copa da Fran\u00e7a, partida em que deixou o gramado no in\u00edcio do segundo tempo direto para o hospital. Em comunicado no mesmo dia, o clube parisiense confirmou \u201ca reativa\u00e7\u00e3o das dores no quinto metatarso do p\u00e9 direito\u201d, afirmou que os \u201cpr\u00f3ximos dias seriam fundamentais para saber a gravidade da contus\u00e3o\u201d e n\u00e3o descartou uma interven\u00e7\u00e3o cir\u00fargica.<\/p>\n<p>Assim, o jogador j\u00e1 foi praticamente descartado por Thomas Tuchel para o duelo decisivo do Paris Saint-Germain diante do Manchester United, pelas oitavas de final da Liga dos Campe\u00f5es, no dia 12 de fevereiro.<\/p>\n<p>Fonte: Gazeta Press<\/p>\n","protected":false},"excerpt":{"rendered":"<p>Neymar tem novamente uma fratura no quinto metatarso do p\u00e9 direito, les\u00e3o semelhante a que o afastou dos gramados \u00e0s v\u00e9speras da Copa do Mundo de 2018. Segundo o jornal franc\u00eas\u00a0Le Parisien, exames de imagem constataram uma linha de fratura na regi\u00e3o e uma nova cirurgia n\u00e3o est\u00e1 descartada. Diante desse cen\u00e1rio, o\u00a0 Paris Saint- [&hellip;]<\/p>\n","protected":false},"author":96,"featured_media":132175,"comment_status":"closed","ping_status":"closed","sticky":false,"template":"","format":"standard","meta":{"footnotes":""},"categories":[257,439],"tags":[],"class_list":["post-132174","post","type-post","status-publish","format-standard","has-post-thumbnail","hentry","category-esporte","category-ultima-hora"],"_links":{"self":[{"href":"https:\/\/diarioregionaldigital.com.br\/index.php?rest_route=\/wp\/v2\/posts\/132174","targetHints":{"allow":["GET"]}}],"collection":[{"href":"https:\/\/diarioregionaldigital.com.br\/index.php?rest_route=\/wp\/v2\/posts"}],"about":[{"href":"https:\/\/diarioregionaldigital.com.br\/index.php?rest_route=\/wp\/v2\/types\/post"}],"author":[{"embeddable":true,"href":"https:\/\/diarioregionaldigital.com.br\/index.php?rest_route=\/wp\/v2\/users\/96"}],"replies":[{"embeddable":true,"href":"https:\/\/diarioregionaldigital.com.br\/index.php?rest_route=%2Fwp%2Fv2%2Fcomments&post=132174"}],"version-history":[{"count":0,"href":"https:\/\/diarioregionaldigital.com.br\/index.php?rest_route=\/wp\/v2\/posts\/132174\/revisions"}],"wp:featuredmedia":[{"embeddable":true,"href":"https:\/\/diarioregionaldigital.com.br\/index.php?rest_route=\/wp\/v2\/media\/132175"}],"wp:attachment":[{"href":"https:\/\/diarioregionaldigital.com.br\/index.php?rest_route=%2Fwp%2Fv2%2Fmedia&parent=132174"}],"wp:term":[{"taxonomy":"category","embeddable":true,"href":"https:\/\/diarioregionaldigital.com.br\/index.php?rest_route=%2Fwp%2Fv2%2Fcategories&post=132174"},{"taxonomy":"post_tag","embeddable":true,"href":"https:\/\/diarioregionaldigital.com.br\/index.php?rest_route=%2Fwp%2Fv2%2Ftags&post=132174"}],"curies":[{"name":"wp","href":"https:\/\/api.w.org\/{rel}","templated":true}]}}