{"id":132171,"date":"2019-01-28T11:57:32","date_gmt":"2019-01-28T13:57:32","guid":{"rendered":"https:\/\/diarioregionaldigital.com.br\/?p=132171"},"modified":"2019-01-28T11:57:32","modified_gmt":"2019-01-28T13:57:32","slug":"jf-volei-perde-a-primeira-partida-na-superliga-b","status":"publish","type":"post","link":"https:\/\/diarioregionaldigital.com.br\/?p=132171","title":{"rendered":"JF V\u00f4lei perde a primeira partida na Superliga B"},"content":{"rendered":"<p>Adrenalina ao m\u00e1ximo \u00e9 o m\u00ednimo que se pode dizer da partida v\u00e1lida pela rodada de abertura da Superliga B entre An\u00e1polis V\u00f4lei-GO e JF V\u00f4lei-MG, que se enfrentaram no s\u00e1bado, dia 26 de janeiro, no Gin\u00e1sio Newton de Faria na cidade de An\u00e1polis-GO. O placar final foi de 3&#215;2 para os donos da casa, com direito a virada, parciais de 21&#215;25, 25&#215;16, 19&#215;25, 25&#215;21 e 15&#215;12 e grande partida do oposto Leandr\u00e3o.<\/p>\n<p>O jogo &#8211; No primeiro set o An\u00e1polis teve muitos erros n\u00e3o for\u00e7ados, al\u00e9m do JF V\u00f4lei estar muito bem postado na defesa garantindo a vit\u00f3ria por 25&#215;21. No segundo set o An\u00e1polis V\u00f4lei teve outra postura e apesar de muitos erros de saque dos dois lados, venceu de forma tranq\u00fcila pela maior diferen\u00e7a do jogo 25&#215;16. No o terceiro set o diferencial acabou sendo o central Lucas, do JF V\u00f4lei, que encaixou uma s\u00e9rie de cinco pontos no saque e fez a diferen\u00e7a final na vit\u00f3ria dos visitantes por 25&#215;19. Veio o quarto set e a necessidade de vit\u00f3ria do An\u00e1polis para levar ao tie- break deixou a partida nervosa, mas o triunfo aconteceu pelo placar de 25&#215;21.<\/p>\n<p>No set decisivo, tamb\u00e9m cheio de erros de ambas as partes, a vit\u00f3ria do time anapolino foi por 15&#215;12, sendo o ponto decisivo por conta de um cart\u00e3o vermelho aplicado ao t\u00e9cnico Marcos Henrique, que n\u00e3o concordou com uma marca\u00e7\u00e3o da arbitragem. Por causa disso houve um princ\u00edpio de confus\u00e3o, logo contornado pela seguran\u00e7a. A torcida, que compareceu em grande n\u00famero ao Newton de Faria ent\u00e3o, pode soltar o grito e festejou com seus novos \u00eddolos.<\/p>\n<p><strong>Pr\u00f3xima Partida <\/strong><\/p>\n<p>O JF V\u00f4lei far\u00e1 mais uma partida fora de casa, contra a APAN Blumenau-SC. Com o resultado o An\u00e1polis V\u00f4lei-GO marcou seus dois primeiros pontos pela vit\u00f3ria por 3&#215;2, e o JF V\u00f4lei-MG marcou um ponto apesar da derrota.<\/p>\n","protected":false},"excerpt":{"rendered":"<p>Adrenalina ao m\u00e1ximo \u00e9 o m\u00ednimo que se pode dizer da partida v\u00e1lida pela rodada de abertura da Superliga B entre An\u00e1polis V\u00f4lei-GO e JF V\u00f4lei-MG, que se enfrentaram no s\u00e1bado, dia 26 de janeiro, no Gin\u00e1sio Newton de Faria na cidade de An\u00e1polis-GO. O placar final foi de 3&#215;2 para os donos da casa, [&hellip;]<\/p>\n","protected":false},"author":96,"featured_media":132172,"comment_status":"closed","ping_status":"closed","sticky":false,"template":"","format":"standard","meta":{"footnotes":""},"categories":[257,439],"tags":[],"class_list":["post-132171","post","type-post","status-publish","format-standard","has-post-thumbnail","hentry","category-esporte","category-ultima-hora"],"_links":{"self":[{"href":"https:\/\/diarioregionaldigital.com.br\/index.php?rest_route=\/wp\/v2\/posts\/132171","targetHints":{"allow":["GET"]}}],"collection":[{"href":"https:\/\/diarioregionaldigital.com.br\/index.php?rest_route=\/wp\/v2\/posts"}],"about":[{"href":"https:\/\/diarioregionaldigital.com.br\/index.php?rest_route=\/wp\/v2\/types\/post"}],"author":[{"embeddable":true,"href":"https:\/\/diarioregionaldigital.com.br\/index.php?rest_route=\/wp\/v2\/users\/96"}],"replies":[{"embeddable":true,"href":"https:\/\/diarioregionaldigital.com.br\/index.php?rest_route=%2Fwp%2Fv2%2Fcomments&post=132171"}],"version-history":[{"count":0,"href":"https:\/\/diarioregionaldigital.com.br\/index.php?rest_route=\/wp\/v2\/posts\/132171\/revisions"}],"wp:featuredmedia":[{"embeddable":true,"href":"https:\/\/diarioregionaldigital.com.br\/index.php?rest_route=\/wp\/v2\/media\/132172"}],"wp:attachment":[{"href":"https:\/\/diarioregionaldigital.com.br\/index.php?rest_route=%2Fwp%2Fv2%2Fmedia&parent=132171"}],"wp:term":[{"taxonomy":"category","embeddable":true,"href":"https:\/\/diarioregionaldigital.com.br\/index.php?rest_route=%2Fwp%2Fv2%2Fcategories&post=132171"},{"taxonomy":"post_tag","embeddable":true,"href":"https:\/\/diarioregionaldigital.com.br\/index.php?rest_route=%2Fwp%2Fv2%2Ftags&post=132171"}],"curies":[{"name":"wp","href":"https:\/\/api.w.org\/{rel}","templated":true}]}}