{"id":132159,"date":"2019-01-28T10:33:12","date_gmt":"2019-01-28T12:33:12","guid":{"rendered":"https:\/\/diarioregionaldigital.com.br\/?p=132159"},"modified":"2019-01-28T10:33:12","modified_gmt":"2019-01-28T12:33:12","slug":"mec-divulga-nesta-segunda-os-resultados-do-sisu","status":"publish","type":"post","link":"https:\/\/diarioregionaldigital.com.br\/?p=132159","title":{"rendered":"MEC divulga nesta segunda os resultados do Sisu"},"content":{"rendered":"<p>O Minist\u00e9rio da Educa\u00e7\u00e3o (MEC) divulga nesta segunda-feira, 28, o resultado do Sistema de Sele\u00e7\u00e3o Unificada (Sisu), pela<a href=\"http:\/\/mec%20divulga%20hoje%20os%20resultados%20do%20sisu\/\" target=\"_blank\" rel=\"noopener\">\u00a0<\/a><a href=\"http:\/\/sisu.mec.gov.br\/\" target=\"_blank\" rel=\"noopener\">internet<\/a>\u00a0e pelo\u00a0<a href=\"http:\/\/http\/\/sisu.mec.gov.br\/mobile\" target=\"_blank\" rel=\"noopener\">aplicativo<\/a>\u00a0do Sisu. Os estudantes que n\u00e3o foram selecionados podem participar da lista de espera a partir desta ter\u00e7a-feira, 27.<\/p>\n<p>Aqueles que foram selecionados devem fazer a matr\u00edcula nas institui\u00e7\u00f5es de ensino no per\u00edodo de 30 de janeiro a 4 de fevereiro. Os estudantes devem ficar atentos aos dias, hor\u00e1rios e locais de atendimento definidos por cada institui\u00e7\u00e3o em seu edital pr\u00f3prio.<\/p>\n<p>Quem n\u00e3o foi selecionado pode ainda participar da lista de espera. A ades\u00e3o pode ser feita na p\u00e1gina do Sisu, a partir desta quarta-feira, at\u00e9 o dia 5 de fevereiro. Esses alunos ser\u00e3o convocados pelas pr\u00f3prias institui\u00e7\u00f5es de ensino a partir do dia 7 de fevereiro.<\/p>\n<p>A principal novidade deste ano \u00e9 que os estudantes que forem selecionados em qualquer uma das duas op\u00e7\u00f5es feitas na hora da inscri\u00e7\u00e3o n\u00e3o poder\u00e3o participar da lista de espera. At\u00e9 o ano passado, aqueles que eram selecionados na segunda op\u00e7\u00e3o podiam ainda participar da lista e ter a chance de ser escolhido na primeira op\u00e7\u00e3o.<\/p>\n<p>Ao todo, o Sisu oferece, nesta edi\u00e7\u00e3o, 235.461 vagas em 129 institui\u00e7\u00f5es p\u00fablicas de todo o pa\u00eds. Puderam se inscrever no programa os estudantes que fizeram o Enem 2018 e obtiveram nota acima de zero na prova de reda\u00e7\u00e3o. Segundo o MEC, 3,5 milh\u00f5es de estudantes preencheram os requisitos.<\/p>\n<p><em>Fonte: Ag\u00eancia Brasil<\/em><\/p>\n","protected":false},"excerpt":{"rendered":"<p>O Minist\u00e9rio da Educa\u00e7\u00e3o (MEC) divulga nesta segunda-feira, 28, o resultado do Sistema de Sele\u00e7\u00e3o Unificada (Sisu), pela\u00a0internet\u00a0e pelo\u00a0aplicativo\u00a0do Sisu. Os estudantes que n\u00e3o foram selecionados podem participar da lista de espera a partir desta ter\u00e7a-feira, 27. Aqueles que foram selecionados devem fazer a matr\u00edcula nas institui\u00e7\u00f5es de ensino no per\u00edodo de 30 de janeiro [&hellip;]<\/p>\n","protected":false},"author":96,"featured_media":0,"comment_status":"closed","ping_status":"closed","sticky":false,"template":"","format":"standard","meta":{"footnotes":""},"categories":[302,439],"tags":[],"class_list":["post-132159","post","type-post","status-publish","format-standard","hentry","category-brasil-mundo","category-ultima-hora"],"_links":{"self":[{"href":"https:\/\/diarioregionaldigital.com.br\/index.php?rest_route=\/wp\/v2\/posts\/132159","targetHints":{"allow":["GET"]}}],"collection":[{"href":"https:\/\/diarioregionaldigital.com.br\/index.php?rest_route=\/wp\/v2\/posts"}],"about":[{"href":"https:\/\/diarioregionaldigital.com.br\/index.php?rest_route=\/wp\/v2\/types\/post"}],"author":[{"embeddable":true,"href":"https:\/\/diarioregionaldigital.com.br\/index.php?rest_route=\/wp\/v2\/users\/96"}],"replies":[{"embeddable":true,"href":"https:\/\/diarioregionaldigital.com.br\/index.php?rest_route=%2Fwp%2Fv2%2Fcomments&post=132159"}],"version-history":[{"count":0,"href":"https:\/\/diarioregionaldigital.com.br\/index.php?rest_route=\/wp\/v2\/posts\/132159\/revisions"}],"wp:attachment":[{"href":"https:\/\/diarioregionaldigital.com.br\/index.php?rest_route=%2Fwp%2Fv2%2Fmedia&parent=132159"}],"wp:term":[{"taxonomy":"category","embeddable":true,"href":"https:\/\/diarioregionaldigital.com.br\/index.php?rest_route=%2Fwp%2Fv2%2Fcategories&post=132159"},{"taxonomy":"post_tag","embeddable":true,"href":"https:\/\/diarioregionaldigital.com.br\/index.php?rest_route=%2Fwp%2Fv2%2Ftags&post=132159"}],"curies":[{"name":"wp","href":"https:\/\/api.w.org\/{rel}","templated":true}]}}